{"id":124306,"date":"2023-11-29T13:46:28","date_gmt":"2023-11-29T16:46:28","guid":{"rendered":"https:\/\/eldiariodesanpedro.com.ar\/sitio\/?p=124306"},"modified":"2023-11-29T13:46:30","modified_gmt":"2023-11-29T16:46:30","slug":"baradero-ahora-vengo-me-dijo-y-no-volvio-nunca-mas-hablo-el-marido-de-la-mujer-hallada-incinerada","status":"publish","type":"post","link":"https:\/\/eldiariodesanpedro.com.ar\/sitio\/baradero-ahora-vengo-me-dijo-y-no-volvio-nunca-mas-hablo-el-marido-de-la-mujer-hallada-incinerada\/","title":{"rendered":"BARADERO | \u201cAhora vengo, me dijo y no volvi\u00f3 nunca m\u00e1s\u201d: habl\u00f3 el marido de la mujer hallada incinerada"},"content":{"rendered":"<!-- VideographyWP Plugin Message: Automatic video embedding prevented by plugin options. -->\n\n<p>Este domingo dos recicladores urbanos hallaron un cad\u00e1ver incinerado en un basural en la ciudad bonaerense de&nbsp;<strong>Baradero<\/strong>. Tras confirmar que era el cuerpo de&nbsp;<strong>Magal\u00ed G\u00f3mez (33)<\/strong>, el informe preliminar de la autopsia revel\u00f3 que&nbsp;<strong>fue asesinada de un golpe en la cabeza&nbsp;<\/strong>con un objeto contundente y que luego la&nbsp;<strong>incineraron<\/strong>. El caso es investigado por el titular de la Unidad Funcional de Instrucci\u00f3n N\u00b0 9 de Baradero,&nbsp;<strong>Vicente G\u00f3mez<\/strong>, y fue calificado como \u201chomicidio\u201d. Por el momento, no hay detenidos.<\/p>\n\n\n\n<p>Es que, luego de que conoci\u00f3 la noticia del crimen, circul\u00f3 fuerte la versi\u00f3n de que&nbsp;<strong>Mart\u00edn Habbeger (30)<\/strong>, el marido de la v\u00edctima y padre de un hijo en com\u00fan, estaba detenido por el hecho. Seg\u00fan pudo saber&nbsp;<strong>Infobae<\/strong>&nbsp;el dato no es real. \u201cEl hombre<strong>&nbsp;se present\u00f3 espont\u00e1neamente para denunciar la desaparici\u00f3n de su esposa<\/strong>&nbsp;y declar\u00f3 como testigo, no como imputado\u201d, explicaron a este medio fuentes con acceso al expediente.<\/p>\n\n\n\n<p>Y agregaron: \u201cHasta ahora&nbsp;<strong>no existen elementos que vinculen a la pareja de la v\u00edctima con el hecho<\/strong>, ya que hay c\u00e1maras de seguridad que aport\u00f3 un particular que respaldan los dichos del hombre\u201d.<\/p>\n\n\n\n<p>Fue en ese contexto que Habbeger hizo un descargo en sus redes sociales. \u201cDigan lo que digan los medios, me chupa un huevo.&nbsp;<strong>Soy inocente. Estoy en mi casa, no detenido<\/strong>. Dejen de llenarse de informaci\u00f3n falsa, se\u00f1oras y se\u00f1ores\u201d, escribi\u00f3. Este martes, en comunicaci\u00f3n con este medio, Habbeger brind\u00f3 detalles de la \u00faltima vez que vio a su esposa y comparti\u00f3&nbsp;<strong>el \u00faltimo mensaje&nbsp;<\/strong>que ella le envi\u00f3 por WhatsApp.<\/p>\n\n\n\n<p>El contenido de ese mensaje, enviado a las 2.48 del domingo pasado, sigue siendo un misterio. Mart\u00edn no lleg\u00f3 a leerlo porque Magal\u00ed lo elimin\u00f3. \u201c<strong>\u00bfQu\u00e9 borraste? \u00bfTodo bien?<\/strong>\u201d, le pregunt\u00f3 \u00e9l. La respuesta jam\u00e1s lleg\u00f3.<\/p>\n\n\n\n<h2 class=\"wp-block-heading\">\u201cNo volvi\u00f3 nunca m\u00e1s\u201d<\/h2>\n\n\n\n<p>Mart\u00edn Habegger y Magal\u00ed G\u00f3mez se conocieron hace cinco a\u00f1os.\u201cElla trabajaba de asistente en un hogar donde estaba mi abuela. Un d\u00eda me cit\u00f3 para contarme que le hab\u00eda cambiado la medicaci\u00f3n, porque no la ve\u00eda bien, y ah\u00ed nos empezamos a conocer\u201d, recapitul\u00f3 \u00e9l que, actualmente, se gana la vida como changar\u00edn.<\/p>\n\n\n\n<p>Un a\u00f1o despu\u00e9s de esa primera cita, naci\u00f3 su primer hijo. M., que dentro de poco cumplir\u00e1 cuatro a\u00f1os<strong>&nbsp;y no deja de preguntar d\u00f3nde est\u00e1 su mam\u00e1<\/strong>. Adem\u00e1s, Magal\u00ed ten\u00eda otras dos hijas: una de 14 y otra de 17 que ya no viv\u00eda con ellos.<\/p>\n\n\n\n<p>Seg\u00fan relat\u00f3 su marido, el s\u00e1bado a la noche estaban juntos y, cerca de las 2 ella le dijo que iba a salir. \u201cAgarr\u00f3 la cartera y&nbsp;<strong>me dijo: \u2018Ahora vengo\u2019<\/strong>. Como el nene dorm\u00eda, la acompa\u00f1\u00e9 hasta la puerta. Le pregunt\u00e9 a d\u00f3nde iba y me dijo que a la vuelta.&nbsp;<strong>No volvi\u00f3 nunca m\u00e1s<\/strong>\u201d, explic\u00f3 Habegger.<\/p>\n\n\n\n<p>Y sigui\u00f3: \u201cUn rato despu\u00e9s, a las 2.48, me lleg\u00f3 un mensaje eliminado de ella en WhatsApp. Ah\u00ed ya&nbsp;<strong>me entr\u00e9 a preocupar<\/strong>. Trat\u00e9 de llamarla, de ver d\u00f3nde estaba y, al final, el domingo a la tarde fui a la comisar\u00eda a hacer la denuncia\u201d.<\/p>\n\n\n\n<p>Para este martes a las 20, familiares de Magal\u00ed convocaron a una manifestaci\u00f3n a realizarse en la Plaza Mitre de Baradero, ubicada en la intersecci\u00f3n de Avenida San Mart\u00edn y Rodr\u00edguez. \u201cEl objetivo es pedir Justicia y que no&nbsp;<em>cajoneen&nbsp;<\/em>el caso\u201d, dijo su marido.<\/p>\n\n\n\n<p>Por el momento, la&nbsp;<strong>principal hip\u00f3tesis<\/strong>&nbsp;es la de un femicidio en ocasi\u00f3n de robo o en un intento de violaci\u00f3n. Sobre la investigaci\u00f3n, en la jornada de ayer, se recibieron declaraciones testimoniales, ente ellas, la de Habbeger y las de los recicladores urbanos que hallaron el cuerpo. Tambi\u00e9n&nbsp;<strong>se allan\u00f3 el domicilio de la v\u00edctima<\/strong>, pero no se encontraron elementos de inter\u00e9s para la causa.<\/p>\n\n\n\n<p>El relato de Habegger coincide con lo que se ve en las im\u00e1genes de las c\u00e1maras de seguridad que se incorporaron al expediente. All\u00ed, de acuerdo a lo detallado por fuentes del caso,&nbsp;<strong>se la ve a Magal\u00ed caminando<\/strong>&nbsp;a pocas cuadras de su domicilio, en la intersecci\u00f3n de Pasteur y Fray Luis Bola\u00f1os, durante la madrugada del domingo, horario en que Mart\u00edn asegur\u00f3 que ella se hab\u00eda retirado del domicilio que compart\u00edan.<\/p>\n\n\n\n<p>Hasta esta tarde, los funcionarios judiciales trataban de reconstruir los \u00faltimos pasos de la v\u00edctima, cuyo tel\u00e9fono celular y pertenencias no aparecieron. El lugar donde se la vio caminando por \u00faltima vez queda a<strong>&nbsp;unos 700 metros de donde hallaron su cuerpo calcinado<\/strong>.<\/p>\n\n\n\n<h2 class=\"wp-block-heading\">El caso<\/h2>\n\n\n\n<p>El crimen de Magal\u00ed G\u00f3mez se conoci\u00f3 este domingo, cerca de las 11, luego de que dos recicladores urbanos encontraron un cad\u00e1ver prendi\u00e9ndose fuego en una especie de basural ubicado en la calle&nbsp;<strong>Alfredo Cossi al 5400<\/strong>, a unos 500 metros de donde termina el pueblo, por lo cual dieron aviso a las autoridades.<\/p>\n\n\n\n<p>En esas circunstancias, acudi\u00f3 al lugar personal de la comisar\u00eda de Baradero, que constat\u00f3 el hecho y dio intervenci\u00f3n a la Delegaci\u00f3n Departamental de Investigaciones (DDI) y a la Polic\u00eda Rural local. Horas m\u00e1s tarde, Mart\u00edn Habbeger denunci\u00f3 la desaparici\u00f3n de su esposa y&nbsp;<strong>reconoci\u00f3 su cuerpo<\/strong>&nbsp;luego de verificar que ten\u00eda<strong>&nbsp;un tatuaje de un gato en una de sus piernas y el color del esmalte<\/strong>&nbsp;en una de las u\u00f1as del pie.<\/p>\n\n\n\n<p>Acerca de las\u00a0<strong>denuncias por violencia de g\u00e9nero<\/strong>\u00a0y una restricci\u00f3n perimetral, datos que tambi\u00e9n trascendieron, los investigadores afirmaron que la v\u00edctima hab\u00eda denunciado a su marido, pero hace \u201cbastante tiempo atr\u00e1s\u201d. Incluso, \u00e9l mismo aport\u00f3 su versi\u00f3n a este medio: \u201cTen\u00edamos nuestras diferencias como cualquier pareja.\u00a0<strong>Ella era una excelente mujer<\/strong>\u201d.<\/p>\n\n\n\n<p>Fuente: Infobae<\/p>\n","protected":false},"excerpt":{"rendered":"<p>Este domingo dos recicladores urbanos hallaron un cad\u00e1ver incinerado en un basural en la ciudad bonaerense de&nbsp;Baradero. Tras confirmar que era el cuerpo de&nbsp;Magal\u00ed G\u00f3mez (33), el informe preliminar de la autopsia revel\u00f3 que&nbsp;fue asesinada de un golpe en la cabeza&nbsp;con un objeto contundente y que luego la&nbsp;incineraron. El caso es investigado por el titular [&hellip;]<\/p>\n","protected":false},"author":4,"featured_media":124307,"comment_status":"closed","ping_status":"closed","sticky":false,"template":"","format":"standard","meta":{"om_disable_all_campaigns":false,"_jetpack_memberships_contains_paid_content":false,"footnotes":""},"categories":[50,621],"tags":[],"class_list":["post-124306","post","type-post","status-publish","format-standard","has-post-thumbnail","hentry","category-destacadas","category-regionales"],"aioseo_notices":[],"gutentor_comment":0,"jetpack_featured_media_url":"https:\/\/eldiariodesanpedro.com.ar\/sitio\/wp-content\/uploads\/2023\/11\/Captura-de-pantalla-2023-11-28-213517.jpg","jetpack_shortlink":"https:\/\/wp.me\/p6RhLt-wkW","jetpack_sharing_enabled":true,"_links":{"self":[{"href":"https:\/\/eldiariodesanpedro.com.ar\/sitio\/wp-json\/wp\/v2\/posts\/124306","targetHints":{"allow":["GET"]}}],"collection":[{"href":"https:\/\/eldiariodesanpedro.com.ar\/sitio\/wp-json\/wp\/v2\/posts"}],"about":[{"href":"https:\/\/eldiariodesanpedro.com.ar\/sitio\/wp-json\/wp\/v2\/types\/post"}],"author":[{"embeddable":true,"href":"https:\/\/eldiariodesanpedro.com.ar\/sitio\/wp-json\/wp\/v2\/users\/4"}],"replies":[{"embeddable":true,"href":"https:\/\/eldiariodesanpedro.com.ar\/sitio\/wp-json\/wp\/v2\/comments?post=124306"}],"version-history":[{"count":1,"href":"https:\/\/eldiariodesanpedro.com.ar\/sitio\/wp-json\/wp\/v2\/posts\/124306\/revisions"}],"predecessor-version":[{"id":124308,"href":"https:\/\/eldiariodesanpedro.com.ar\/sitio\/wp-json\/wp\/v2\/posts\/124306\/revisions\/124308"}],"wp:featuredmedia":[{"embeddable":true,"href":"https:\/\/eldiariodesanpedro.com.ar\/sitio\/wp-json\/wp\/v2\/media\/124307"}],"wp:attachment":[{"href":"https:\/\/eldiariodesanpedro.com.ar\/sitio\/wp-json\/wp\/v2\/media?parent=124306"}],"wp:term":[{"taxonomy":"category","embeddable":true,"href":"https:\/\/eldiariodesanpedro.com.ar\/sitio\/wp-json\/wp\/v2\/categories?post=124306"},{"taxonomy":"post_tag","embeddable":true,"href":"https:\/\/eldiariodesanpedro.com.ar\/sitio\/wp-json\/wp\/v2\/tags?post=124306"}],"curies":[{"name":"wp","href":"https:\/\/api.w.org\/{rel}","templated":true}]}}