{"id":124304,"date":"2023-11-29T13:32:12","date_gmt":"2023-11-29T16:32:12","guid":{"rendered":"https:\/\/eldiariodesanpedro.com.ar\/sitio\/?p=124304"},"modified":"2023-11-29T13:32:14","modified_gmt":"2023-11-29T16:32:14","slug":"grave-incendio-en-gobernador-castro-durante-la-madrugada-de-hoy","status":"publish","type":"post","link":"https:\/\/eldiariodesanpedro.com.ar\/sitio\/grave-incendio-en-gobernador-castro-durante-la-madrugada-de-hoy\/","title":{"rendered":"Grave incendio en Gobernador Castro durante la madrugada de hoy"},"content":{"rendered":"<!-- VideographyWP Plugin Message: Automatic video embedding prevented by plugin options. -->\n\n<p>Un incendio consumi\u00f3 un almac\u00e9n en Tucum\u00e1n 165, Gobernador Castro, alrededor de las 4:30 de la madrugada, requiriendo la acci\u00f3n de tres grupos de bomberos, con un total de 12 bomberos del cuartel central y el destacamento local.<\/p>\n\n\n\n<p>Marcos Soler, coordinador del operativo, inform\u00f3 al programa \u00abEquipo de Radio\u00bb que la superficie afectada abarcaba 11 metros por 7, y que dentro del galp\u00f3n se almacenaban cubiertas, madera, pl\u00e1stico y otros materiales inflamables.<\/p>\n\n\n\n<p>\u00abLa gesti\u00f3n del incidente implic\u00f3 tiempo, recursos humanos y suministros. Desplazamos la unidad 41 con su equipo completo, solicitamos respaldo y la unidad 27 acudi\u00f3, traslad\u00e1ndose junto con la unidad 40 para obtener m\u00e1s suministros. Afortunadamente, no hubo v\u00edctimas, solo da\u00f1os materiales en el lugar. Las p\u00e9rdidas de los contenidos del galp\u00f3n fueron totales\u00bb, explic\u00f3 Soler.<\/p>\n","protected":false},"excerpt":{"rendered":"<p>Un incendio consumi\u00f3 un almac\u00e9n en Tucum\u00e1n 165, Gobernador Castro, alrededor de las 4:30 de la madrugada, requiriendo la acci\u00f3n de tres grupos de bomberos, con un total de 12 bomberos del cuartel central y el destacamento local. Marcos Soler, coordinador del operativo, inform\u00f3 al programa \u00abEquipo de Radio\u00bb que la superficie afectada abarcaba 11 [&hellip;]<\/p>\n","protected":false},"author":4,"featured_media":31080,"comment_status":"closed","ping_status":"closed","sticky":false,"template":"","format":"standard","meta":{"om_disable_all_campaigns":false,"_jetpack_memberships_contains_paid_content":false,"footnotes":""},"categories":[2,103],"tags":[197,33,95,19],"class_list":["post-124304","post","type-post","status-publish","format-standard","has-post-thumbnail","hentry","category-locales","category-policiales-locales","tag-buenos-aires","tag-locales","tag-policiales","tag-san-pedro"],"aioseo_notices":[],"gutentor_comment":0,"jetpack_featured_media_url":"https:\/\/eldiariodesanpedro.com.ar\/sitio\/wp-content\/uploads\/2018\/04\/Bomberos-Voluntarios-extinguieron-el-fuego.jpeg","jetpack_shortlink":"https:\/\/wp.me\/p6RhLt-wkU","jetpack_sharing_enabled":true,"_links":{"self":[{"href":"https:\/\/eldiariodesanpedro.com.ar\/sitio\/wp-json\/wp\/v2\/posts\/124304","targetHints":{"allow":["GET"]}}],"collection":[{"href":"https:\/\/eldiariodesanpedro.com.ar\/sitio\/wp-json\/wp\/v2\/posts"}],"about":[{"href":"https:\/\/eldiariodesanpedro.com.ar\/sitio\/wp-json\/wp\/v2\/types\/post"}],"author":[{"embeddable":true,"href":"https:\/\/eldiariodesanpedro.com.ar\/sitio\/wp-json\/wp\/v2\/users\/4"}],"replies":[{"embeddable":true,"href":"https:\/\/eldiariodesanpedro.com.ar\/sitio\/wp-json\/wp\/v2\/comments?post=124304"}],"version-history":[{"count":1,"href":"https:\/\/eldiariodesanpedro.com.ar\/sitio\/wp-json\/wp\/v2\/posts\/124304\/revisions"}],"predecessor-version":[{"id":124305,"href":"https:\/\/eldiariodesanpedro.com.ar\/sitio\/wp-json\/wp\/v2\/posts\/124304\/revisions\/124305"}],"wp:featuredmedia":[{"embeddable":true,"href":"https:\/\/eldiariodesanpedro.com.ar\/sitio\/wp-json\/wp\/v2\/media\/31080"}],"wp:attachment":[{"href":"https:\/\/eldiariodesanpedro.com.ar\/sitio\/wp-json\/wp\/v2\/media?parent=124304"}],"wp:term":[{"taxonomy":"category","embeddable":true,"href":"https:\/\/eldiariodesanpedro.com.ar\/sitio\/wp-json\/wp\/v2\/categories?post=124304"},{"taxonomy":"post_tag","embeddable":true,"href":"https:\/\/eldiariodesanpedro.com.ar\/sitio\/wp-json\/wp\/v2\/tags?post=124304"}],"curies":[{"name":"wp","href":"https:\/\/api.w.org\/{rel}","templated":true}]}}