{"id":124297,"date":"2023-11-29T12:27:13","date_gmt":"2023-11-29T15:27:13","guid":{"rendered":"https:\/\/eldiariodesanpedro.com.ar\/sitio\/?p=124297"},"modified":"2023-11-29T12:27:16","modified_gmt":"2023-11-29T15:27:16","slug":"allanamiento-con-resultado-positivo-en-rio-tala-por-el-robo-de-mercaderias-en-un-comercio","status":"publish","type":"post","link":"https:\/\/eldiariodesanpedro.com.ar\/sitio\/allanamiento-con-resultado-positivo-en-rio-tala-por-el-robo-de-mercaderias-en-un-comercio\/","title":{"rendered":"Allanamiento con resultado positivo en Rio Tala, por el robo de mercader\u00edas en un comercio"},"content":{"rendered":"<!-- VideographyWP Plugin Message: Automatic video embedding prevented by plugin options. -->\n\n<p>En la jornada de ayer por la tarde, el personal policial del grupo especial GTO, en colaboraci\u00f3n con efectivos del Destacamento de Rio Tala, ejecut\u00f3 un allanamiento en respuesta a una denuncia presentada por un ciudadano de 54 a\u00f1os, due\u00f1o de un comercio en Balcarce 300 de Rio Tala. La denuncia estaba relacionada con la desaparici\u00f3n de mercanc\u00eda de su propiedad. Despu\u00e9s de una investigaci\u00f3n, se llev\u00f3 a cabo el allanamiento en una residencia de la localidad cercana, resultando en el secuestro de los elementos denunciados. La investigaci\u00f3n est\u00e1 a cargo de la UFI 07.<\/p>\n","protected":false},"excerpt":{"rendered":"<p>En la jornada de ayer por la tarde, el personal policial del grupo especial GTO, en colaboraci\u00f3n con efectivos del Destacamento de Rio Tala, ejecut\u00f3 un allanamiento en respuesta a una denuncia presentada por un ciudadano de 54 a\u00f1os, due\u00f1o de un comercio en Balcarce 300 de Rio Tala. La denuncia estaba relacionada con la [&hellip;]<\/p>\n","protected":false},"author":4,"featured_media":124298,"comment_status":"closed","ping_status":"closed","sticky":false,"template":"","format":"standard","meta":{"om_disable_all_campaigns":false,"_jetpack_memberships_contains_paid_content":false,"footnotes":""},"categories":[2,103],"tags":[197,33,95,19],"class_list":["post-124297","post","type-post","status-publish","format-standard","has-post-thumbnail","hentry","category-locales","category-policiales-locales","tag-buenos-aires","tag-locales","tag-policiales","tag-san-pedro"],"aioseo_notices":[],"gutentor_comment":0,"jetpack_featured_media_url":"https:\/\/eldiariodesanpedro.com.ar\/sitio\/wp-content\/uploads\/2023\/11\/medida-43.png","jetpack_shortlink":"https:\/\/wp.me\/p6RhLt-wkN","jetpack_sharing_enabled":true,"_links":{"self":[{"href":"https:\/\/eldiariodesanpedro.com.ar\/sitio\/wp-json\/wp\/v2\/posts\/124297","targetHints":{"allow":["GET"]}}],"collection":[{"href":"https:\/\/eldiariodesanpedro.com.ar\/sitio\/wp-json\/wp\/v2\/posts"}],"about":[{"href":"https:\/\/eldiariodesanpedro.com.ar\/sitio\/wp-json\/wp\/v2\/types\/post"}],"author":[{"embeddable":true,"href":"https:\/\/eldiariodesanpedro.com.ar\/sitio\/wp-json\/wp\/v2\/users\/4"}],"replies":[{"embeddable":true,"href":"https:\/\/eldiariodesanpedro.com.ar\/sitio\/wp-json\/wp\/v2\/comments?post=124297"}],"version-history":[{"count":1,"href":"https:\/\/eldiariodesanpedro.com.ar\/sitio\/wp-json\/wp\/v2\/posts\/124297\/revisions"}],"predecessor-version":[{"id":124299,"href":"https:\/\/eldiariodesanpedro.com.ar\/sitio\/wp-json\/wp\/v2\/posts\/124297\/revisions\/124299"}],"wp:featuredmedia":[{"embeddable":true,"href":"https:\/\/eldiariodesanpedro.com.ar\/sitio\/wp-json\/wp\/v2\/media\/124298"}],"wp:attachment":[{"href":"https:\/\/eldiariodesanpedro.com.ar\/sitio\/wp-json\/wp\/v2\/media?parent=124297"}],"wp:term":[{"taxonomy":"category","embeddable":true,"href":"https:\/\/eldiariodesanpedro.com.ar\/sitio\/wp-json\/wp\/v2\/categories?post=124297"},{"taxonomy":"post_tag","embeddable":true,"href":"https:\/\/eldiariodesanpedro.com.ar\/sitio\/wp-json\/wp\/v2\/tags?post=124297"}],"curies":[{"name":"wp","href":"https:\/\/api.w.org\/{rel}","templated":true}]}}