{"id":124294,"date":"2023-11-29T12:19:21","date_gmt":"2023-11-29T15:19:21","guid":{"rendered":"https:\/\/eldiariodesanpedro.com.ar\/sitio\/?p=124294"},"modified":"2023-11-29T12:19:24","modified_gmt":"2023-11-29T15:19:24","slug":"una-mujer-aprehendida-por-ingresar-a-la-vivienda-de-su-ex-pareja","status":"publish","type":"post","link":"https:\/\/eldiariodesanpedro.com.ar\/sitio\/una-mujer-aprehendida-por-ingresar-a-la-vivienda-de-su-ex-pareja\/","title":{"rendered":"Una mujer aprehendida por ingresar a la vivienda de su ex pareja"},"content":{"rendered":"<!-- VideographyWP Plugin Message: Automatic video embedding prevented by plugin options. -->\n\n<p>En la madrugada de hoy, el personal policial de la comisar\u00eda local, durante una patrulla, acudi\u00f3 a una residencia en la calle Caseros al 2000. En el lugar, detuvieron a una mujer de 26 a\u00f1os que se encontraba dentro de la vivienda de su expareja, un hombre de 25 a\u00f1os, sin autorizaci\u00f3n. La v\u00edctima recibi\u00f3 asistencia en la Comisar\u00eda de la Mujer y la Familia. La mujer fue trasladada a la dependencia policial, donde qued\u00f3 alojada a la espera de la remisi\u00f3n para la primera audiencia en la sede fiscal.<\/p>\n","protected":false},"excerpt":{"rendered":"<p>En la madrugada de hoy, el personal policial de la comisar\u00eda local, durante una patrulla, acudi\u00f3 a una residencia en la calle Caseros al 2000. En el lugar, detuvieron a una mujer de 26 a\u00f1os que se encontraba dentro de la vivienda de su expareja, un hombre de 25 a\u00f1os, sin autorizaci\u00f3n. La v\u00edctima recibi\u00f3 [&hellip;]<\/p>\n","protected":false},"author":4,"featured_media":124295,"comment_status":"closed","ping_status":"closed","sticky":false,"template":"","format":"standard","meta":{"om_disable_all_campaigns":false,"_jetpack_memberships_contains_paid_content":false,"footnotes":""},"categories":[2,103],"tags":[197,33,95,19],"class_list":["post-124294","post","type-post","status-publish","format-standard","has-post-thumbnail","hentry","category-locales","category-policiales-locales","tag-buenos-aires","tag-locales","tag-policiales","tag-san-pedro"],"aioseo_notices":[],"gutentor_comment":0,"jetpack_featured_media_url":"https:\/\/eldiariodesanpedro.com.ar\/sitio\/wp-content\/uploads\/2023\/11\/medida-42.png","jetpack_shortlink":"https:\/\/wp.me\/p6RhLt-wkK","jetpack_sharing_enabled":true,"_links":{"self":[{"href":"https:\/\/eldiariodesanpedro.com.ar\/sitio\/wp-json\/wp\/v2\/posts\/124294","targetHints":{"allow":["GET"]}}],"collection":[{"href":"https:\/\/eldiariodesanpedro.com.ar\/sitio\/wp-json\/wp\/v2\/posts"}],"about":[{"href":"https:\/\/eldiariodesanpedro.com.ar\/sitio\/wp-json\/wp\/v2\/types\/post"}],"author":[{"embeddable":true,"href":"https:\/\/eldiariodesanpedro.com.ar\/sitio\/wp-json\/wp\/v2\/users\/4"}],"replies":[{"embeddable":true,"href":"https:\/\/eldiariodesanpedro.com.ar\/sitio\/wp-json\/wp\/v2\/comments?post=124294"}],"version-history":[{"count":1,"href":"https:\/\/eldiariodesanpedro.com.ar\/sitio\/wp-json\/wp\/v2\/posts\/124294\/revisions"}],"predecessor-version":[{"id":124296,"href":"https:\/\/eldiariodesanpedro.com.ar\/sitio\/wp-json\/wp\/v2\/posts\/124294\/revisions\/124296"}],"wp:featuredmedia":[{"embeddable":true,"href":"https:\/\/eldiariodesanpedro.com.ar\/sitio\/wp-json\/wp\/v2\/media\/124295"}],"wp:attachment":[{"href":"https:\/\/eldiariodesanpedro.com.ar\/sitio\/wp-json\/wp\/v2\/media?parent=124294"}],"wp:term":[{"taxonomy":"category","embeddable":true,"href":"https:\/\/eldiariodesanpedro.com.ar\/sitio\/wp-json\/wp\/v2\/categories?post=124294"},{"taxonomy":"post_tag","embeddable":true,"href":"https:\/\/eldiariodesanpedro.com.ar\/sitio\/wp-json\/wp\/v2\/tags?post=124294"}],"curies":[{"name":"wp","href":"https:\/\/api.w.org\/{rel}","templated":true}]}}