{"id":124291,"date":"2023-11-29T11:57:37","date_gmt":"2023-11-29T14:57:37","guid":{"rendered":"https:\/\/eldiariodesanpedro.com.ar\/sitio\/?p=124291"},"modified":"2023-11-29T11:57:41","modified_gmt":"2023-11-29T14:57:41","slug":"menor-de-edad-aprehendido-por-un-raid-delictivo","status":"publish","type":"post","link":"https:\/\/eldiariodesanpedro.com.ar\/sitio\/menor-de-edad-aprehendido-por-un-raid-delictivo\/","title":{"rendered":"Menor de edad aprehendido por un raid delictivo"},"content":{"rendered":"<!-- VideographyWP Plugin Message: Automatic video embedding prevented by plugin options. -->\n\n<p>En el d\u00eda de ayer, en respuesta a un llamado al 911, el personal policial de la comisar\u00eda local se dirigi\u00f3 a R\u00f3mulo Naon al 1000 de esta ciudad. Seg\u00fan la informaci\u00f3n recibida, un individuo caus\u00f3 da\u00f1os a una puerta para ingresar a una despensa con la intenci\u00f3n de robar dinero en efectivo. La propietaria, una mujer de 27 a\u00f1os, se percat\u00f3 de la situaci\u00f3n y opuso resistencia. Ante esto, el hombre huy\u00f3 del lugar y sustrajo una motocicleta de marca Zanella 110 cc que estaba estacionada en una casa cercana, propiedad de una mujer de 31 a\u00f1os.<\/p>\n\n\n\n<p>El personal policial, informado de lo sucedido y contando con detalles sobre el sospechoso, llev\u00f3 a cabo un operativo que result\u00f3 en la detenci\u00f3n del joven de 16 a\u00f1os y el secuestro de la motocicleta sustra\u00edda. Este \u00faltimo fue recuperado en la colectora de la Ruta Nacional N\u00ba 9, kil\u00f3metro 155.<\/p>\n\n\n\n<p>La intervenci\u00f3n en este caso est\u00e1 a cargo de la UFI JOVEN SAN NICOL\u00c1S.<\/p>\n","protected":false},"excerpt":{"rendered":"<p>En el d\u00eda de ayer, en respuesta a un llamado al 911, el personal policial de la comisar\u00eda local se dirigi\u00f3 a R\u00f3mulo Naon al 1000 de esta ciudad. Seg\u00fan la informaci\u00f3n recibida, un individuo caus\u00f3 da\u00f1os a una puerta para ingresar a una despensa con la intenci\u00f3n de robar dinero en efectivo. La propietaria, [&hellip;]<\/p>\n","protected":false},"author":4,"featured_media":124292,"comment_status":"closed","ping_status":"closed","sticky":false,"template":"","format":"standard","meta":{"om_disable_all_campaigns":false,"_jetpack_memberships_contains_paid_content":false,"footnotes":""},"categories":[50,2,103],"tags":[197,33,95,19],"class_list":["post-124291","post","type-post","status-publish","format-standard","has-post-thumbnail","hentry","category-destacadas","category-locales","category-policiales-locales","tag-buenos-aires","tag-locales","tag-policiales","tag-san-pedro"],"aioseo_notices":[],"gutentor_comment":0,"jetpack_featured_media_url":"https:\/\/eldiariodesanpedro.com.ar\/sitio\/wp-content\/uploads\/2023\/11\/medida-41.png","jetpack_shortlink":"https:\/\/wp.me\/p6RhLt-wkH","jetpack_sharing_enabled":true,"_links":{"self":[{"href":"https:\/\/eldiariodesanpedro.com.ar\/sitio\/wp-json\/wp\/v2\/posts\/124291","targetHints":{"allow":["GET"]}}],"collection":[{"href":"https:\/\/eldiariodesanpedro.com.ar\/sitio\/wp-json\/wp\/v2\/posts"}],"about":[{"href":"https:\/\/eldiariodesanpedro.com.ar\/sitio\/wp-json\/wp\/v2\/types\/post"}],"author":[{"embeddable":true,"href":"https:\/\/eldiariodesanpedro.com.ar\/sitio\/wp-json\/wp\/v2\/users\/4"}],"replies":[{"embeddable":true,"href":"https:\/\/eldiariodesanpedro.com.ar\/sitio\/wp-json\/wp\/v2\/comments?post=124291"}],"version-history":[{"count":1,"href":"https:\/\/eldiariodesanpedro.com.ar\/sitio\/wp-json\/wp\/v2\/posts\/124291\/revisions"}],"predecessor-version":[{"id":124293,"href":"https:\/\/eldiariodesanpedro.com.ar\/sitio\/wp-json\/wp\/v2\/posts\/124291\/revisions\/124293"}],"wp:featuredmedia":[{"embeddable":true,"href":"https:\/\/eldiariodesanpedro.com.ar\/sitio\/wp-json\/wp\/v2\/media\/124292"}],"wp:attachment":[{"href":"https:\/\/eldiariodesanpedro.com.ar\/sitio\/wp-json\/wp\/v2\/media?parent=124291"}],"wp:term":[{"taxonomy":"category","embeddable":true,"href":"https:\/\/eldiariodesanpedro.com.ar\/sitio\/wp-json\/wp\/v2\/categories?post=124291"},{"taxonomy":"post_tag","embeddable":true,"href":"https:\/\/eldiariodesanpedro.com.ar\/sitio\/wp-json\/wp\/v2\/tags?post=124291"}],"curies":[{"name":"wp","href":"https:\/\/api.w.org\/{rel}","templated":true}]}}