{"id":124288,"date":"2023-11-29T11:29:28","date_gmt":"2023-11-29T14:29:28","guid":{"rendered":"https:\/\/eldiariodesanpedro.com.ar\/sitio\/?p=124288"},"modified":"2023-11-29T11:29:31","modified_gmt":"2023-11-29T14:29:31","slug":"un-joven-aprehendido-por-violar-restriccion-perimetral-y-agredir-a-efectivos","status":"publish","type":"post","link":"https:\/\/eldiariodesanpedro.com.ar\/sitio\/un-joven-aprehendido-por-violar-restriccion-perimetral-y-agredir-a-efectivos\/","title":{"rendered":"Un joven aprehendido por violar restricci\u00f3n perimetral y agredir a efectivos"},"content":{"rendered":"<!-- VideographyWP Plugin Message: Automatic video embedding prevented by plugin options. -->\n\n<p>En el d\u00eda de ayer, en horas de la ma\u00f1ana, el personal policial de la comisar\u00eda local acudi\u00f3 a un llamado al 911 en la calle 39, n\u00famero 1000. All\u00ed, detuvieron a un hombre de 26 a\u00f1os despu\u00e9s de que, al llegar la patrulla, se encontrara discutiendo con su suegra de 50 a\u00f1os, violando el per\u00edmetro vigente. Al acercarse los agentes, el hombre profiri\u00f3 amenazas verbales. La v\u00edctima fue asistida en la Comisar\u00eda de la Mujer y la Familia, mientras que el hombre fue trasladado a la dependencia policial, donde qued\u00f3 detenido a la espera de la remisi\u00f3n para la primera audiencia. La UFI 07, a cargo de la Dra. Mar\u00eda Del Valle Viviani, est\u00e1 a cargo de la investigaci\u00f3n.<\/p>\n","protected":false},"excerpt":{"rendered":"<p>En el d\u00eda de ayer, en horas de la ma\u00f1ana, el personal policial de la comisar\u00eda local acudi\u00f3 a un llamado al 911 en la calle 39, n\u00famero 1000. All\u00ed, detuvieron a un hombre de 26 a\u00f1os despu\u00e9s de que, al llegar la patrulla, se encontrara discutiendo con su suegra de 50 a\u00f1os, violando el [&hellip;]<\/p>\n","protected":false},"author":4,"featured_media":124289,"comment_status":"closed","ping_status":"closed","sticky":false,"template":"","format":"standard","meta":{"om_disable_all_campaigns":false,"_jetpack_memberships_contains_paid_content":false,"footnotes":""},"categories":[2,103],"tags":[197,33,95,19],"class_list":["post-124288","post","type-post","status-publish","format-standard","has-post-thumbnail","hentry","category-locales","category-policiales-locales","tag-buenos-aires","tag-locales","tag-policiales","tag-san-pedro"],"aioseo_notices":[],"gutentor_comment":0,"jetpack_featured_media_url":"https:\/\/eldiariodesanpedro.com.ar\/sitio\/wp-content\/uploads\/2023\/11\/medida-40.png","jetpack_shortlink":"https:\/\/wp.me\/p6RhLt-wkE","jetpack_sharing_enabled":true,"_links":{"self":[{"href":"https:\/\/eldiariodesanpedro.com.ar\/sitio\/wp-json\/wp\/v2\/posts\/124288","targetHints":{"allow":["GET"]}}],"collection":[{"href":"https:\/\/eldiariodesanpedro.com.ar\/sitio\/wp-json\/wp\/v2\/posts"}],"about":[{"href":"https:\/\/eldiariodesanpedro.com.ar\/sitio\/wp-json\/wp\/v2\/types\/post"}],"author":[{"embeddable":true,"href":"https:\/\/eldiariodesanpedro.com.ar\/sitio\/wp-json\/wp\/v2\/users\/4"}],"replies":[{"embeddable":true,"href":"https:\/\/eldiariodesanpedro.com.ar\/sitio\/wp-json\/wp\/v2\/comments?post=124288"}],"version-history":[{"count":1,"href":"https:\/\/eldiariodesanpedro.com.ar\/sitio\/wp-json\/wp\/v2\/posts\/124288\/revisions"}],"predecessor-version":[{"id":124290,"href":"https:\/\/eldiariodesanpedro.com.ar\/sitio\/wp-json\/wp\/v2\/posts\/124288\/revisions\/124290"}],"wp:featuredmedia":[{"embeddable":true,"href":"https:\/\/eldiariodesanpedro.com.ar\/sitio\/wp-json\/wp\/v2\/media\/124289"}],"wp:attachment":[{"href":"https:\/\/eldiariodesanpedro.com.ar\/sitio\/wp-json\/wp\/v2\/media?parent=124288"}],"wp:term":[{"taxonomy":"category","embeddable":true,"href":"https:\/\/eldiariodesanpedro.com.ar\/sitio\/wp-json\/wp\/v2\/categories?post=124288"},{"taxonomy":"post_tag","embeddable":true,"href":"https:\/\/eldiariodesanpedro.com.ar\/sitio\/wp-json\/wp\/v2\/tags?post=124288"}],"curies":[{"name":"wp","href":"https:\/\/api.w.org\/{rel}","templated":true}]}}