{"id":124280,"date":"2023-11-29T10:49:17","date_gmt":"2023-11-29T13:49:17","guid":{"rendered":"https:\/\/eldiariodesanpedro.com.ar\/sitio\/?p=124280"},"modified":"2023-11-29T10:49:19","modified_gmt":"2023-11-29T13:49:19","slug":"con-un-acto-encabezado-por-el-intendente-cecilio-salazar-se-impuso-el-nombre-heroinas-de-malvinas-para-el-jardin-no-919","status":"publish","type":"post","link":"https:\/\/eldiariodesanpedro.com.ar\/sitio\/con-un-acto-encabezado-por-el-intendente-cecilio-salazar-se-impuso-el-nombre-heroinas-de-malvinas-para-el-jardin-no-919\/","title":{"rendered":"Con un acto encabezado por el Intendente Cecilio Salazar se impuso el nombre \u00abHero\u00ednas de Malvinas\u00bb para el Jard\u00edn N\u00ba 919"},"content":{"rendered":"<!-- VideographyWP Plugin Message: Automatic video embedding prevented by plugin options. -->\n\n<p>Con la presencia de veteranas y veteranos de Malvinas, autoridades municipales, de educaci\u00f3n y la comunidad educativa del Jard\u00edn, el Intendente Municipal, Cecilio Salazar, encabez\u00f3 este martes el acto de imposici\u00f3n del nombre \u00abHero\u00ednas de Malvinas\u00bb al Jard\u00edn N\u00b0 919 del barrio Banfield.<\/p>\n\n\n\n<p>Tras la elecci\u00f3n del nombre, resultado de un proceso democr\u00e1tico en el que la comunidad educativa respald\u00f3 de manera contundente la propuesta, reflejando un reconocimiento y respeto institucional hacia figuras que han dejado su huella en la historia del pa\u00eds, se concret\u00f3 esta ma\u00f1ana el acto en las puertas de la instituci\u00f3n educativa en el cual se destap\u00f3 la placa con el nombre \u201cHero\u00ednas de Malvinas\u201d.<\/p>\n\n\n\n<p>Durante su discurso, el Intendente Salazar record\u00f3 las gestiones que se llevaron a cabo para la concreci\u00f3n de \u201cuno de los jardines m\u00e1s lindos de San Pedro\u201d, desde el a\u00f1o 2017 que comenz\u00f3 su construcci\u00f3n y las constantes gestiones llevadas a cabo por el jefe comunal para llegar luego de 5 a\u00f1os a la emocionante inauguraci\u00f3n.<\/p>\n\n\n\n<p>\u201cTen\u00edamos muchas ilusiones de construir este jard\u00edn, como tambi\u00e9n tenemos la inmensa ilusi\u00f3n y esperanza de poder seguir construyendo la escuela t\u00e9cnica que hace 20 d\u00edas comenz\u00f3, es un proyecto muy importante para los chicos de San Pedro\u201d destac\u00f3 el Intendente Cecilio Salazar en relaci\u00f3n a la nueva obra educativa en los terrenos lindantes con el Corral\u00f3n Municipal, gestionada personalmente por el Intendente Cecilio Salazar ante el Ministro de Educaci\u00f3n de la Naci\u00f3n Jaime Perczyk y el Ministro de Obras P\u00fablicas, Gabriel Katopodis. \u201cTenemos que estar todos los sampedrinos atentos para que eso se haga, mi compromiso fundamentalmente con la educaci\u00f3n va a ser eterno, ojal\u00e1 que al t\u00e9rmino de nuestra gesti\u00f3n podamos estar inaugurando esa inmensa Escuela T\u00e9cnica\u201d.<\/p>\n\n\n\n<p>Adem\u00e1s agradeci\u00f3 la participaci\u00f3n de la comunidad educativa y destac\u00f3 la importancia de este homenaje por la relevancia de inculcar valores inspirados en el legado de las Hero\u00ednas de Malvinas.<\/p>\n\n\n\n<p>Estuvieron presentes en el acto junto al Jefe Comunal y la directora de la instituci\u00f3n, Karina Rossi; la Jefa Distrital de Educaci\u00f3n, Lorena L\u00f3pez; el Secretario Coordinador del Consejo Provincial de Educaci\u00f3n y Trabajo, Alan Ocampo; el veterano de guerra y actual responsable de la Oficina de Coordinaci\u00f3n de Veteranos y Veteranas de Malvinas, Jorge Zanellla; el Presidente de la asociaci\u00f3n de veteranos de Malvinas de San Pedro, Javier Saucedo; los Veteranos de Malvinas \u00c1ngel Novaro, Sergio Rub\u00e9n Cano, Jorge Mart\u00ednez, Victor Hugo R\u00edos, las Veteranas de Malvinas Mariana Florinda Soneira, Marcia Noem\u00ed Marchesotti, Mar\u00eda Liliana Colino, adem\u00e1s de autoridades municipales, autoridades educativas, docentes, alumnos, alumnas y familiares.<\/p>\n\n\n\n<figure class=\"wp-block-image size-full\"><img decoding=\"async\" width=\"948\" height=\"630\" data-attachment-id=\"124281\" data-permalink=\"https:\/\/eldiariodesanpedro.com.ar\/sitio\/con-un-acto-encabezado-por-el-intendente-cecilio-salazar-se-impuso-el-nombre-heroinas-de-malvinas-para-el-jardin-no-919\/imagen-de-whatsapp-2023-11-28-a-las-19-57-35_81941fe3\/\" data-orig-file=\"https:\/\/eldiariodesanpedro.com.ar\/sitio\/wp-content\/uploads\/2023\/11\/Imagen-de-WhatsApp-2023-11-28-a-las-19.57.35_81941fe3.jpg\" data-orig-size=\"948,630\" data-comments-opened=\"0\" data-image-meta=\"{&quot;aperture&quot;:&quot;0&quot;,&quot;credit&quot;:&quot;&quot;,&quot;camera&quot;:&quot;&quot;,&quot;caption&quot;:&quot;&quot;,&quot;created_timestamp&quot;:&quot;0&quot;,&quot;copyright&quot;:&quot;&quot;,&quot;focal_length&quot;:&quot;0&quot;,&quot;iso&quot;:&quot;0&quot;,&quot;shutter_speed&quot;:&quot;0&quot;,&quot;title&quot;:&quot;&quot;,&quot;orientation&quot;:&quot;0&quot;}\" data-image-title=\"Imagen de WhatsApp 2023-11-28 a las 19.57.35_81941fe3\" data-image-description=\"\" data-image-caption=\"\" data-large-file=\"https:\/\/eldiariodesanpedro.com.ar\/sitio\/wp-content\/uploads\/2023\/11\/Imagen-de-WhatsApp-2023-11-28-a-las-19.57.35_81941fe3.jpg\" data-src=\"https:\/\/eldiariodesanpedro.com.ar\/sitio\/wp-content\/uploads\/2023\/11\/Imagen-de-WhatsApp-2023-11-28-a-las-19.57.35_81941fe3.jpg\" alt=\"\" class=\"wp-image-124281 lazyload\" data-srcset=\"https:\/\/eldiariodesanpedro.com.ar\/sitio\/wp-content\/uploads\/2023\/11\/Imagen-de-WhatsApp-2023-11-28-a-las-19.57.35_81941fe3.jpg 948w, https:\/\/eldiariodesanpedro.com.ar\/sitio\/wp-content\/uploads\/2023\/11\/Imagen-de-WhatsApp-2023-11-28-a-las-19.57.35_81941fe3-300x199.jpg 300w, https:\/\/eldiariodesanpedro.com.ar\/sitio\/wp-content\/uploads\/2023\/11\/Imagen-de-WhatsApp-2023-11-28-a-las-19.57.35_81941fe3-768x510.jpg 768w\" data-sizes=\"(max-width: 948px) 100vw, 948px\" src=\"data:image\/svg+xml;base64,PHN2ZyB3aWR0aD0iMSIgaGVpZ2h0PSIxIiB4bWxucz0iaHR0cDovL3d3dy53My5vcmcvMjAwMC9zdmciPjwvc3ZnPg==\" style=\"--smush-placeholder-width: 948px; --smush-placeholder-aspect-ratio: 948\/630;\" \/><\/figure>\n\n\n\n<figure class=\"wp-block-image size-full\"><img decoding=\"async\" width=\"945\" height=\"630\" data-attachment-id=\"124282\" data-permalink=\"https:\/\/eldiariodesanpedro.com.ar\/sitio\/con-un-acto-encabezado-por-el-intendente-cecilio-salazar-se-impuso-el-nombre-heroinas-de-malvinas-para-el-jardin-no-919\/imagen-de-whatsapp-2023-11-28-a-las-19-57-42_9e0c49ec\/\" data-orig-file=\"https:\/\/eldiariodesanpedro.com.ar\/sitio\/wp-content\/uploads\/2023\/11\/Imagen-de-WhatsApp-2023-11-28-a-las-19.57.42_9e0c49ec.jpg\" data-orig-size=\"945,630\" data-comments-opened=\"0\" data-image-meta=\"{&quot;aperture&quot;:&quot;0&quot;,&quot;credit&quot;:&quot;&quot;,&quot;camera&quot;:&quot;&quot;,&quot;caption&quot;:&quot;&quot;,&quot;created_timestamp&quot;:&quot;0&quot;,&quot;copyright&quot;:&quot;&quot;,&quot;focal_length&quot;:&quot;0&quot;,&quot;iso&quot;:&quot;0&quot;,&quot;shutter_speed&quot;:&quot;0&quot;,&quot;title&quot;:&quot;&quot;,&quot;orientation&quot;:&quot;0&quot;}\" data-image-title=\"Imagen de WhatsApp 2023-11-28 a las 19.57.42_9e0c49ec\" data-image-description=\"\" data-image-caption=\"\" data-large-file=\"https:\/\/eldiariodesanpedro.com.ar\/sitio\/wp-content\/uploads\/2023\/11\/Imagen-de-WhatsApp-2023-11-28-a-las-19.57.42_9e0c49ec.jpg\" data-src=\"https:\/\/eldiariodesanpedro.com.ar\/sitio\/wp-content\/uploads\/2023\/11\/Imagen-de-WhatsApp-2023-11-28-a-las-19.57.42_9e0c49ec.jpg\" alt=\"\" class=\"wp-image-124282 lazyload\" data-srcset=\"https:\/\/eldiariodesanpedro.com.ar\/sitio\/wp-content\/uploads\/2023\/11\/Imagen-de-WhatsApp-2023-11-28-a-las-19.57.42_9e0c49ec.jpg 945w, https:\/\/eldiariodesanpedro.com.ar\/sitio\/wp-content\/uploads\/2023\/11\/Imagen-de-WhatsApp-2023-11-28-a-las-19.57.42_9e0c49ec-300x200.jpg 300w, https:\/\/eldiariodesanpedro.com.ar\/sitio\/wp-content\/uploads\/2023\/11\/Imagen-de-WhatsApp-2023-11-28-a-las-19.57.42_9e0c49ec-768x512.jpg 768w\" data-sizes=\"(max-width: 945px) 100vw, 945px\" src=\"data:image\/svg+xml;base64,PHN2ZyB3aWR0aD0iMSIgaGVpZ2h0PSIxIiB4bWxucz0iaHR0cDovL3d3dy53My5vcmcvMjAwMC9zdmciPjwvc3ZnPg==\" style=\"--smush-placeholder-width: 945px; --smush-placeholder-aspect-ratio: 945\/630;\" \/><\/figure>\n","protected":false},"excerpt":{"rendered":"<p>Con la presencia de veteranas y veteranos de Malvinas, autoridades municipales, de educaci\u00f3n y la comunidad educativa del Jard\u00edn, el Intendente Municipal, Cecilio Salazar, encabez\u00f3 este martes el acto de imposici\u00f3n del nombre \u00abHero\u00ednas de Malvinas\u00bb al Jard\u00edn N\u00b0 919 del barrio Banfield. Tras la elecci\u00f3n del nombre, resultado de un proceso democr\u00e1tico en el [&hellip;]<\/p>\n","protected":false},"author":4,"featured_media":124283,"comment_status":"closed","ping_status":"closed","sticky":false,"template":"","format":"standard","meta":{"om_disable_all_campaigns":false,"_jetpack_memberships_contains_paid_content":false,"footnotes":""},"categories":[50,101,2],"tags":[197,696,33,19],"class_list":["post-124280","post","type-post","status-publish","format-standard","has-post-thumbnail","hentry","category-destacadas","category-interes-general-locales","category-locales","tag-buenos-aires","tag-interes-general","tag-locales","tag-san-pedro"],"aioseo_notices":[],"gutentor_comment":0,"jetpack_featured_media_url":"https:\/\/eldiariodesanpedro.com.ar\/sitio\/wp-content\/uploads\/2023\/11\/Imagen-de-WhatsApp-2023-11-28-a-las-19.57.44_0021095c.jpg","jetpack_shortlink":"https:\/\/wp.me\/p6RhLt-wkw","jetpack_sharing_enabled":true,"_links":{"self":[{"href":"https:\/\/eldiariodesanpedro.com.ar\/sitio\/wp-json\/wp\/v2\/posts\/124280","targetHints":{"allow":["GET"]}}],"collection":[{"href":"https:\/\/eldiariodesanpedro.com.ar\/sitio\/wp-json\/wp\/v2\/posts"}],"about":[{"href":"https:\/\/eldiariodesanpedro.com.ar\/sitio\/wp-json\/wp\/v2\/types\/post"}],"author":[{"embeddable":true,"href":"https:\/\/eldiariodesanpedro.com.ar\/sitio\/wp-json\/wp\/v2\/users\/4"}],"replies":[{"embeddable":true,"href":"https:\/\/eldiariodesanpedro.com.ar\/sitio\/wp-json\/wp\/v2\/comments?post=124280"}],"version-history":[{"count":1,"href":"https:\/\/eldiariodesanpedro.com.ar\/sitio\/wp-json\/wp\/v2\/posts\/124280\/revisions"}],"predecessor-version":[{"id":124287,"href":"https:\/\/eldiariodesanpedro.com.ar\/sitio\/wp-json\/wp\/v2\/posts\/124280\/revisions\/124287"}],"wp:featuredmedia":[{"embeddable":true,"href":"https:\/\/eldiariodesanpedro.com.ar\/sitio\/wp-json\/wp\/v2\/media\/124283"}],"wp:attachment":[{"href":"https:\/\/eldiariodesanpedro.com.ar\/sitio\/wp-json\/wp\/v2\/media?parent=124280"}],"wp:term":[{"taxonomy":"category","embeddable":true,"href":"https:\/\/eldiariodesanpedro.com.ar\/sitio\/wp-json\/wp\/v2\/categories?post=124280"},{"taxonomy":"post_tag","embeddable":true,"href":"https:\/\/eldiariodesanpedro.com.ar\/sitio\/wp-json\/wp\/v2\/tags?post=124280"}],"curies":[{"name":"wp","href":"https:\/\/api.w.org\/{rel}","templated":true}]}}