{"id":124277,"date":"2023-11-29T10:39:43","date_gmt":"2023-11-29T13:39:43","guid":{"rendered":"https:\/\/eldiariodesanpedro.com.ar\/sitio\/?p=124277"},"modified":"2023-11-29T10:39:45","modified_gmt":"2023-11-29T13:39:45","slug":"ate-convoco-a-un-paro-de-72-horas-en-el-senasa","status":"publish","type":"post","link":"https:\/\/eldiariodesanpedro.com.ar\/sitio\/ate-convoco-a-un-paro-de-72-horas-en-el-senasa\/","title":{"rendered":"ATE convoc\u00f3 a un paro de 72 horas en el SENASA"},"content":{"rendered":"<!-- VideographyWP Plugin Message: Automatic video embedding prevented by plugin options. -->\n\n<p>La Asociaci\u00f3n de Trabajadores del Estado (ATE) anunci\u00f3 que el pr\u00f3ximo mi\u00e9rcoles iniciar\u00e1 una huelga de tres d\u00edas en el Servicio de Sanidad y Calidad Agroalimentaria (Senasa), que podr\u00eda paralizar las exportaciones y afectar al comercio interprovincial, seg\u00fan se inform\u00f3 este martes desde el gremio.<\/p>\n\n\n\n<p>\u00abATE accedi\u00f3 a informaci\u00f3n que confirma la intenci\u00f3n de despidos en organismos p\u00fablicos. Se est\u00e1n poniendo en serio riesgo la continuidad de todo el personal ingresado en el a\u00f1o 2023, como as\u00ed tambi\u00e9n de los 550 contratados de la Fundaci\u00f3n Facultad de Ciencias Veterinarias (Funvet), quienes est\u00e1n en una situaci\u00f3n de extrema precarizaci\u00f3n, dado que firmaban como monotributistas un contrato de prestaci\u00f3n de servicios\u00bb, indic\u00f3 ATE en un comunicado.<\/p>\n\n\n\n<p>El Senasa se encarga de la fiscalizaci\u00f3n de producci\u00f3n agroalimentaria que cuenta con la habilitaci\u00f3n de la Organizaci\u00f3n Mundial del Comercio (OMC) para controlar las normas fitosanitarias necesarias para exportar a los otros pa\u00edses.<\/p>\n\n\n\n<p>Es el organismo que otorga las certificaciones necesarias para el comercio internacional, es el \u00fanico organismo argentino con la potestad de regularlo.<\/p>\n\n\n\n<p><ins><\/ins>\u00abNo hay que olvidarse que el Senasa se autofinancia. Fue capaz de aportarle s\u00f3lo en un a\u00f1o 12.000 millones de pesos al Tesoro del Estado Nacional. Teniendo en consideraci\u00f3n eso, bueno, vale preguntarse por qu\u00e9 entonces hay tanto inter\u00e9s en atacar y debilitar la operatividad del Senasa\u00bb, se\u00f1al\u00f3 el secretario general de ATE, Rodolfo Aguiar en declaraciones a T\u00e9lam.<\/p>\n\n\n\n<p>Para el dirigentes sindical, resulta \u00abevidente\u00bb que \u00abel Senasa es uno de los principales organismos de control sobre las exportaciones\u00bb y efect\u00faa controles \u00aben productos que le generan al pa\u00eds ingresos por 50.000 millones de d\u00f3lares\u00bb.<\/p>\n\n\n\n<p>\u00abParece que la tan mentada apertura comercial pasa entonces por intentar que no exista ning\u00fan tipo de control. Quieren que nos sigan saqueando toda nuestra producci\u00f3n agropecuaria sin ning\u00fan tipo de control. All\u00ed radica el principal inconveniente de este organismo. Su trabajo molesta a los grupos econ\u00f3micos concentrados nacionales y fundamentalmente a las multinacionales\u00bb, fundament\u00f3.<\/p>\n","protected":false},"excerpt":{"rendered":"<p>La Asociaci\u00f3n de Trabajadores del Estado (ATE) anunci\u00f3 que el pr\u00f3ximo mi\u00e9rcoles iniciar\u00e1 una huelga de tres d\u00edas en el Servicio de Sanidad y Calidad Agroalimentaria (Senasa), que podr\u00eda paralizar las exportaciones y afectar al comercio interprovincial, seg\u00fan se inform\u00f3 este martes desde el gremio. \u00abATE accedi\u00f3 a informaci\u00f3n que confirma la intenci\u00f3n de despidos [&hellip;]<\/p>\n","protected":false},"author":4,"featured_media":124278,"comment_status":"closed","ping_status":"closed","sticky":false,"template":"","format":"standard","meta":{"om_disable_all_campaigns":false,"_jetpack_memberships_contains_paid_content":false,"footnotes":""},"categories":[50,101,2],"tags":[197,696,33,19],"class_list":["post-124277","post","type-post","status-publish","format-standard","has-post-thumbnail","hentry","category-destacadas","category-interes-general-locales","category-locales","tag-buenos-aires","tag-interes-general","tag-locales","tag-san-pedro"],"aioseo_notices":[],"gutentor_comment":0,"jetpack_featured_media_url":"https:\/\/eldiariodesanpedro.com.ar\/sitio\/wp-content\/uploads\/2023\/11\/SENSASA.jpeg","jetpack_shortlink":"https:\/\/wp.me\/p6RhLt-wkt","jetpack_sharing_enabled":true,"_links":{"self":[{"href":"https:\/\/eldiariodesanpedro.com.ar\/sitio\/wp-json\/wp\/v2\/posts\/124277","targetHints":{"allow":["GET"]}}],"collection":[{"href":"https:\/\/eldiariodesanpedro.com.ar\/sitio\/wp-json\/wp\/v2\/posts"}],"about":[{"href":"https:\/\/eldiariodesanpedro.com.ar\/sitio\/wp-json\/wp\/v2\/types\/post"}],"author":[{"embeddable":true,"href":"https:\/\/eldiariodesanpedro.com.ar\/sitio\/wp-json\/wp\/v2\/users\/4"}],"replies":[{"embeddable":true,"href":"https:\/\/eldiariodesanpedro.com.ar\/sitio\/wp-json\/wp\/v2\/comments?post=124277"}],"version-history":[{"count":1,"href":"https:\/\/eldiariodesanpedro.com.ar\/sitio\/wp-json\/wp\/v2\/posts\/124277\/revisions"}],"predecessor-version":[{"id":124279,"href":"https:\/\/eldiariodesanpedro.com.ar\/sitio\/wp-json\/wp\/v2\/posts\/124277\/revisions\/124279"}],"wp:featuredmedia":[{"embeddable":true,"href":"https:\/\/eldiariodesanpedro.com.ar\/sitio\/wp-json\/wp\/v2\/media\/124278"}],"wp:attachment":[{"href":"https:\/\/eldiariodesanpedro.com.ar\/sitio\/wp-json\/wp\/v2\/media?parent=124277"}],"wp:term":[{"taxonomy":"category","embeddable":true,"href":"https:\/\/eldiariodesanpedro.com.ar\/sitio\/wp-json\/wp\/v2\/categories?post=124277"},{"taxonomy":"post_tag","embeddable":true,"href":"https:\/\/eldiariodesanpedro.com.ar\/sitio\/wp-json\/wp\/v2\/tags?post=124277"}],"curies":[{"name":"wp","href":"https:\/\/api.w.org\/{rel}","templated":true}]}}