{"id":124272,"date":"2023-11-28T12:46:17","date_gmt":"2023-11-28T15:46:17","guid":{"rendered":"https:\/\/eldiariodesanpedro.com.ar\/sitio\/?p=124272"},"modified":"2023-11-28T12:46:20","modified_gmt":"2023-11-28T15:46:20","slug":"julian-varsavsky-presento-japon-desde-una-capsula-en-la-biblioteca","status":"publish","type":"post","link":"https:\/\/eldiariodesanpedro.com.ar\/sitio\/julian-varsavsky-presento-japon-desde-una-capsula-en-la-biblioteca\/","title":{"rendered":"Juli\u00e1n Varsavsky present\u00f3 \u00abJap\u00f3n desde una c\u00e1psula\u00bb en la Biblioteca"},"content":{"rendered":"<!-- VideographyWP Plugin Message: Automatic video embedding prevented by plugin options. -->\n\n<p>El cronista Juli\u00e1n Varsavsky present\u00f3 en la Biblioteca Popular \u00abRafael Obligado\u00bb su libro \u00abJap\u00f3n desde una c\u00e1psula: rob\u00f3tica, virtualidad y sexualidad\u00bb.&nbsp;<\/p>\n\n\n\n<p>Los relatos condensan la experiencia de Varsavsky (Licenciado en Ciencias de la Comunicaci\u00f3n) durante sus cuarenta d\u00edas en el archipi\u00e9lago nip\u00f3n. En ese lapso, durmi\u00f3 en hoteles c\u00e1psula, asisti\u00f3 al campeonato mundial de f\u00fatbol de robots, visit\u00f3 una casa inteligente e investig\u00f3 la tecnoerotizaci\u00f3n con hologramas y mu\u00f1ecas.&nbsp;<\/p>\n\n\n\n<p>El manga, el anim\u00e9 y el cosplay convivieron en la charla, como en las p\u00e1ginas del libro, con la filosof\u00eda milenaria, la disciplina zen y&nbsp; las historias de los legendarios samurai.&nbsp;<\/p>\n\n\n\n<p>La actividad cont\u00f3 con la organizaci\u00f3n de Paola Castillo, Lucilla Vell\u00f3n, Rom\u00e1n Solsona y Patricio Copello.<\/p>\n\n\n\n<figure class=\"wp-block-image size-large\"><img decoding=\"async\" width=\"1024\" height=\"568\" data-attachment-id=\"124274\" data-permalink=\"https:\/\/eldiariodesanpedro.com.ar\/sitio\/julian-varsavsky-presento-japon-desde-una-capsula-en-la-biblioteca\/whatsapp-image-2023-11-27-at-15-29-58\/\" data-orig-file=\"https:\/\/eldiariodesanpedro.com.ar\/sitio\/wp-content\/uploads\/2023\/11\/WhatsApp-Image-2023-11-27-at-15.29.58.jpeg\" data-orig-size=\"1135,630\" data-comments-opened=\"0\" data-image-meta=\"{&quot;aperture&quot;:&quot;0&quot;,&quot;credit&quot;:&quot;&quot;,&quot;camera&quot;:&quot;&quot;,&quot;caption&quot;:&quot;&quot;,&quot;created_timestamp&quot;:&quot;0&quot;,&quot;copyright&quot;:&quot;&quot;,&quot;focal_length&quot;:&quot;0&quot;,&quot;iso&quot;:&quot;0&quot;,&quot;shutter_speed&quot;:&quot;0&quot;,&quot;title&quot;:&quot;&quot;,&quot;orientation&quot;:&quot;1&quot;}\" data-image-title=\"WhatsApp Image 2023-11-27 at 15.29.58\" data-image-description=\"\" data-image-caption=\"\" data-large-file=\"https:\/\/eldiariodesanpedro.com.ar\/sitio\/wp-content\/uploads\/2023\/11\/WhatsApp-Image-2023-11-27-at-15.29.58-1024x568.jpeg\" data-src=\"https:\/\/eldiariodesanpedro.com.ar\/sitio\/wp-content\/uploads\/2023\/11\/WhatsApp-Image-2023-11-27-at-15.29.58-1024x568.jpeg\" alt=\"\" class=\"wp-image-124274 lazyload\" data-srcset=\"https:\/\/eldiariodesanpedro.com.ar\/sitio\/wp-content\/uploads\/2023\/11\/WhatsApp-Image-2023-11-27-at-15.29.58-1024x568.jpeg 1024w, https:\/\/eldiariodesanpedro.com.ar\/sitio\/wp-content\/uploads\/2023\/11\/WhatsApp-Image-2023-11-27-at-15.29.58-300x167.jpeg 300w, https:\/\/eldiariodesanpedro.com.ar\/sitio\/wp-content\/uploads\/2023\/11\/WhatsApp-Image-2023-11-27-at-15.29.58-768x426.jpeg 768w, https:\/\/eldiariodesanpedro.com.ar\/sitio\/wp-content\/uploads\/2023\/11\/WhatsApp-Image-2023-11-27-at-15.29.58.jpeg 1135w\" data-sizes=\"(max-width: 1024px) 100vw, 1024px\" src=\"data:image\/svg+xml;base64,PHN2ZyB3aWR0aD0iMSIgaGVpZ2h0PSIxIiB4bWxucz0iaHR0cDovL3d3dy53My5vcmcvMjAwMC9zdmciPjwvc3ZnPg==\" style=\"--smush-placeholder-width: 1024px; --smush-placeholder-aspect-ratio: 1024\/568;\" \/><\/figure>\n\n\n\n<figure class=\"wp-block-image size-full\"><img decoding=\"async\" width=\"840\" height=\"630\" data-attachment-id=\"124273\" data-permalink=\"https:\/\/eldiariodesanpedro.com.ar\/sitio\/julian-varsavsky-presento-japon-desde-una-capsula-en-la-biblioteca\/whatsapp-image-2023-11-27-at-15-29-57\/\" data-orig-file=\"https:\/\/eldiariodesanpedro.com.ar\/sitio\/wp-content\/uploads\/2023\/11\/WhatsApp-Image-2023-11-27-at-15.29.57.jpeg\" data-orig-size=\"840,630\" data-comments-opened=\"0\" data-image-meta=\"{&quot;aperture&quot;:&quot;0&quot;,&quot;credit&quot;:&quot;&quot;,&quot;camera&quot;:&quot;&quot;,&quot;caption&quot;:&quot;&quot;,&quot;created_timestamp&quot;:&quot;0&quot;,&quot;copyright&quot;:&quot;&quot;,&quot;focal_length&quot;:&quot;0&quot;,&quot;iso&quot;:&quot;0&quot;,&quot;shutter_speed&quot;:&quot;0&quot;,&quot;title&quot;:&quot;&quot;,&quot;orientation&quot;:&quot;0&quot;}\" data-image-title=\"WhatsApp Image 2023-11-27 at 15.29.57\" data-image-description=\"\" data-image-caption=\"\" data-large-file=\"https:\/\/eldiariodesanpedro.com.ar\/sitio\/wp-content\/uploads\/2023\/11\/WhatsApp-Image-2023-11-27-at-15.29.57.jpeg\" data-src=\"https:\/\/eldiariodesanpedro.com.ar\/sitio\/wp-content\/uploads\/2023\/11\/WhatsApp-Image-2023-11-27-at-15.29.57.jpeg\" alt=\"\" class=\"wp-image-124273 lazyload\" data-srcset=\"https:\/\/eldiariodesanpedro.com.ar\/sitio\/wp-content\/uploads\/2023\/11\/WhatsApp-Image-2023-11-27-at-15.29.57.jpeg 840w, https:\/\/eldiariodesanpedro.com.ar\/sitio\/wp-content\/uploads\/2023\/11\/WhatsApp-Image-2023-11-27-at-15.29.57-300x225.jpeg 300w, https:\/\/eldiariodesanpedro.com.ar\/sitio\/wp-content\/uploads\/2023\/11\/WhatsApp-Image-2023-11-27-at-15.29.57-768x576.jpeg 768w, https:\/\/eldiariodesanpedro.com.ar\/sitio\/wp-content\/uploads\/2023\/11\/WhatsApp-Image-2023-11-27-at-15.29.57-272x204.jpeg 272w\" data-sizes=\"(max-width: 840px) 100vw, 840px\" src=\"data:image\/svg+xml;base64,PHN2ZyB3aWR0aD0iMSIgaGVpZ2h0PSIxIiB4bWxucz0iaHR0cDovL3d3dy53My5vcmcvMjAwMC9zdmciPjwvc3ZnPg==\" style=\"--smush-placeholder-width: 840px; --smush-placeholder-aspect-ratio: 840\/630;\" \/><\/figure>\n","protected":false},"excerpt":{"rendered":"<p>El cronista Juli\u00e1n Varsavsky present\u00f3 en la Biblioteca Popular \u00abRafael Obligado\u00bb su libro \u00abJap\u00f3n desde una c\u00e1psula: rob\u00f3tica, virtualidad y sexualidad\u00bb.&nbsp; Los relatos condensan la experiencia de Varsavsky (Licenciado en Ciencias de la Comunicaci\u00f3n) durante sus cuarenta d\u00edas en el archipi\u00e9lago nip\u00f3n. En ese lapso, durmi\u00f3 en hoteles c\u00e1psula, asisti\u00f3 al campeonato mundial de f\u00fatbol [&hellip;]<\/p>\n","protected":false},"author":4,"featured_media":124275,"comment_status":"closed","ping_status":"closed","sticky":false,"template":"","format":"standard","meta":{"om_disable_all_campaigns":false,"_jetpack_memberships_contains_paid_content":false,"footnotes":""},"categories":[101,2],"tags":[4622],"class_list":["post-124272","post","type-post","status-publish","format-standard","has-post-thumbnail","hentry","category-interes-general-locales","category-locales","tag-julian-varsavsky-presento-japon-desde-una-capsula-en-la-biblioteca"],"aioseo_notices":[],"gutentor_comment":0,"jetpack_featured_media_url":"https:\/\/eldiariodesanpedro.com.ar\/sitio\/wp-content\/uploads\/2023\/11\/WhatsApp-Image-2023-11-27-at-15.29.59.jpeg","jetpack_shortlink":"https:\/\/wp.me\/p6RhLt-wko","jetpack_sharing_enabled":true,"_links":{"self":[{"href":"https:\/\/eldiariodesanpedro.com.ar\/sitio\/wp-json\/wp\/v2\/posts\/124272","targetHints":{"allow":["GET"]}}],"collection":[{"href":"https:\/\/eldiariodesanpedro.com.ar\/sitio\/wp-json\/wp\/v2\/posts"}],"about":[{"href":"https:\/\/eldiariodesanpedro.com.ar\/sitio\/wp-json\/wp\/v2\/types\/post"}],"author":[{"embeddable":true,"href":"https:\/\/eldiariodesanpedro.com.ar\/sitio\/wp-json\/wp\/v2\/users\/4"}],"replies":[{"embeddable":true,"href":"https:\/\/eldiariodesanpedro.com.ar\/sitio\/wp-json\/wp\/v2\/comments?post=124272"}],"version-history":[{"count":1,"href":"https:\/\/eldiariodesanpedro.com.ar\/sitio\/wp-json\/wp\/v2\/posts\/124272\/revisions"}],"predecessor-version":[{"id":124276,"href":"https:\/\/eldiariodesanpedro.com.ar\/sitio\/wp-json\/wp\/v2\/posts\/124272\/revisions\/124276"}],"wp:featuredmedia":[{"embeddable":true,"href":"https:\/\/eldiariodesanpedro.com.ar\/sitio\/wp-json\/wp\/v2\/media\/124275"}],"wp:attachment":[{"href":"https:\/\/eldiariodesanpedro.com.ar\/sitio\/wp-json\/wp\/v2\/media?parent=124272"}],"wp:term":[{"taxonomy":"category","embeddable":true,"href":"https:\/\/eldiariodesanpedro.com.ar\/sitio\/wp-json\/wp\/v2\/categories?post=124272"},{"taxonomy":"post_tag","embeddable":true,"href":"https:\/\/eldiariodesanpedro.com.ar\/sitio\/wp-json\/wp\/v2\/tags?post=124272"}],"curies":[{"name":"wp","href":"https:\/\/api.w.org\/{rel}","templated":true}]}}