{"id":124269,"date":"2023-11-28T12:20:45","date_gmt":"2023-11-28T15:20:45","guid":{"rendered":"https:\/\/eldiariodesanpedro.com.ar\/sitio\/?p=124269"},"modified":"2023-11-28T12:20:47","modified_gmt":"2023-11-28T15:20:47","slug":"baradero-asesinato-de-magali-gomez-en-baradero-confirman-que-murio-por-por-un-golpe-en-la-cabeza","status":"publish","type":"post","link":"https:\/\/eldiariodesanpedro.com.ar\/sitio\/baradero-asesinato-de-magali-gomez-en-baradero-confirman-que-murio-por-por-un-golpe-en-la-cabeza\/","title":{"rendered":"BARADERO | Asesinato de Magali G\u00f3mez en Baradero: confirman que muri\u00f3 por \u201cpor un golpe en la cabeza\u201d"},"content":{"rendered":"<!-- VideographyWP Plugin Message: Automatic video embedding prevented by plugin options. -->\n\n<p>En el marco de la investigaci\u00f3n del por el fallecimiento de la mujer de 33 a\u00f1os, luego del hallazgo de su cuerpo calcinado calle Alfredo Cossi al 5400, de la localidad de Baradero. El sospechoso del hecho es su pareja, quien est\u00e1 detenido y hab\u00eda sido denunciado por violencia de g\u00e9nero en otras oportunidades.<\/p>\n\n\n\n<p>El Dr. Vicente G\u00f3mez, titular de la UFI 9, a trav\u00e9s de \u201cTu Radio Baradero\u201d confirm\u00f3 que \u201cla mujer muri\u00f3 producto de un golpe e intentaron descartarse del cuerpo inciner\u00e1ndolo\u201d. Esto se pudo confirmar tras el informe preliminar de autopsia.<\/p>\n\n\n\n<p>Tras el hallazgo del cuerpo, \u00abbuscamos en toda la zona por alguna denuncia de alguna mujer que hubiera desaparecido, en San Pedro, Zarate, Campana, Ramallo pero no hab\u00eda nadie con esas caracter\u00edsticas. En horas de la noche un sujeto lleg\u00f3 a la dependencia policial a denunciar que su mujer hab\u00eda desaparecido a la noche, y no hab\u00eda vuelto\u00bb, explic\u00f3 el Fiscal.<\/p>\n\n\n\n<p>\u00abSeguimos en esa l\u00ednea investigativa, tuvimos un allanamiento de urgencia en la vivienda de la pareja de la v\u00edctima, ellos eran matrimonio y convivientes en una vivienda ubicada en calle Del Corro. No encontramos nada, su pareja nos brind\u00f3 detalles, todas sus comunicaciones, y estamos investigando\u00bb, dijo G\u00f3mez seguidamente. Y continu\u00f3: \u00abAyer martes, realizamos otro allanamiento en Juan XXIII por un celular que estaba vinculado a una cuenta de una red social pero tambi\u00e9n dio negativo. Lo que buscamos en ambas diligencias eran manchas hem\u00e1ticas, o algo que se pueda vincular con el hecho\u00bb.<\/p>\n\n\n\n<p>\u00abLa autopsia demostr\u00f3 que claramente no falleci\u00f3 por la incineraci\u00f3n, sino que el deceso se habr\u00eda producido por un golpe en la cabeza. El incendio obedecer\u00eda a la intenci\u00f3n de querer desaparecer el delito, o esconder las pruebas sobre el cuerpo\u00bb, sentenci\u00f3. <\/p>\n\n\n\n<p>Fuente: <a href=\"https:\/\/www.facebook.com\/TuRadioBaradero?__cft__[0]=AZWPPyAeJTV7qOqWffwpjIlUpw82PqpSJiDnxxRgWQamPc9_B8V98Pj9Lir0eNHMUOOnIP2WHiVnZo9g5EaruV5hBBnzKY3q9x0RgiO_9UxV5O3ZkHbnHzJtxBQt5Jl1EaoR-NF8f4V5V0csRB0e-fUxHZvG15NKaagL7n5rtViYQWiEDi_5qzIsmnfVS_UCMbg&amp;__tn__=-UC%2CP-R\"><strong>Tu Radio Baradero<\/strong><\/a><\/p>\n","protected":false},"excerpt":{"rendered":"<p>En el marco de la investigaci\u00f3n del por el fallecimiento de la mujer de 33 a\u00f1os, luego del hallazgo de su cuerpo calcinado calle Alfredo Cossi al 5400, de la localidad de Baradero. El sospechoso del hecho es su pareja, quien est\u00e1 detenido y hab\u00eda sido denunciado por violencia de g\u00e9nero en otras oportunidades. El [&hellip;]<\/p>\n","protected":false},"author":4,"featured_media":124270,"comment_status":"closed","ping_status":"closed","sticky":false,"template":"","format":"standard","meta":{"om_disable_all_campaigns":false,"_jetpack_memberships_contains_paid_content":false,"footnotes":""},"categories":[621],"tags":[197,33,681,19],"class_list":["post-124269","post","type-post","status-publish","format-standard","has-post-thumbnail","hentry","category-regionales","tag-buenos-aires","tag-locales","tag-regionales","tag-san-pedro"],"aioseo_notices":[],"gutentor_comment":0,"jetpack_featured_media_url":"https:\/\/eldiariodesanpedro.com.ar\/sitio\/wp-content\/uploads\/2023\/11\/406411795_746504230829203_7136807264193460504_n.jpg","jetpack_shortlink":"https:\/\/wp.me\/p6RhLt-wkl","jetpack_sharing_enabled":true,"_links":{"self":[{"href":"https:\/\/eldiariodesanpedro.com.ar\/sitio\/wp-json\/wp\/v2\/posts\/124269","targetHints":{"allow":["GET"]}}],"collection":[{"href":"https:\/\/eldiariodesanpedro.com.ar\/sitio\/wp-json\/wp\/v2\/posts"}],"about":[{"href":"https:\/\/eldiariodesanpedro.com.ar\/sitio\/wp-json\/wp\/v2\/types\/post"}],"author":[{"embeddable":true,"href":"https:\/\/eldiariodesanpedro.com.ar\/sitio\/wp-json\/wp\/v2\/users\/4"}],"replies":[{"embeddable":true,"href":"https:\/\/eldiariodesanpedro.com.ar\/sitio\/wp-json\/wp\/v2\/comments?post=124269"}],"version-history":[{"count":1,"href":"https:\/\/eldiariodesanpedro.com.ar\/sitio\/wp-json\/wp\/v2\/posts\/124269\/revisions"}],"predecessor-version":[{"id":124271,"href":"https:\/\/eldiariodesanpedro.com.ar\/sitio\/wp-json\/wp\/v2\/posts\/124269\/revisions\/124271"}],"wp:featuredmedia":[{"embeddable":true,"href":"https:\/\/eldiariodesanpedro.com.ar\/sitio\/wp-json\/wp\/v2\/media\/124270"}],"wp:attachment":[{"href":"https:\/\/eldiariodesanpedro.com.ar\/sitio\/wp-json\/wp\/v2\/media?parent=124269"}],"wp:term":[{"taxonomy":"category","embeddable":true,"href":"https:\/\/eldiariodesanpedro.com.ar\/sitio\/wp-json\/wp\/v2\/categories?post=124269"},{"taxonomy":"post_tag","embeddable":true,"href":"https:\/\/eldiariodesanpedro.com.ar\/sitio\/wp-json\/wp\/v2\/tags?post=124269"}],"curies":[{"name":"wp","href":"https:\/\/api.w.org\/{rel}","templated":true}]}}