{"id":124240,"date":"2023-11-16T09:12:03","date_gmt":"2023-11-16T12:12:03","guid":{"rendered":"https:\/\/eldiariodesanpedro.com.ar\/sitio\/?p=124240"},"modified":"2023-11-28T09:57:55","modified_gmt":"2023-11-28T12:57:55","slug":"edicto-de-cementerio-de-baradero-de-lombari-deolinda-h-y-lobardi-leda-e","status":"publish","type":"post","link":"https:\/\/eldiariodesanpedro.com.ar\/sitio\/edicto-de-cementerio-de-baradero-de-lombari-deolinda-h-y-lobardi-leda-e\/","title":{"rendered":"Edicto de Cementerio de Baradero de Lombari Deolinda H y Lobardi leda E"},"content":{"rendered":"<!-- VideographyWP Plugin Message: Automatic video embedding prevented by plugin options. -->\n\n<p class=\"has-text-align-right\">Baradero, 13 de noviembre de 2023<\/p>\n\n\n\n<p class=\"has-text-align-center\">EDICTO<\/p>\n\n\n\n<p>MUNICIPALIDAD DE BARADERO cita y emplaza por treinta (30) d\u00edas a quienes se consideren con derecho sobre los lotes para sepulcro ubicado en la secci\u00f3n D \u2013 Tablon 1 \u2013 Lotes 8 y 9 del cementerio local a nombre de Lombari Deolinda H y Lobardi leda E ambos adquisridos por veinte (20) a\u00f1os seg\u00fan libro 13 Folio 27 el dia 27 de Diciembre de 1979 cuyos n\u00fameros de cuenta son 19000004235 y 19000004370 del Cementerio Local.-<\/p>\n\n\n\n<p>ELIANA DOLCEMELO<br>ABOGADA<br>MUNICIPALIDAD DE BARADERO<\/p>\n","protected":false},"excerpt":{"rendered":"<p>Baradero, 13 de noviembre de 2023 EDICTO MUNICIPALIDAD DE BARADERO cita y emplaza por treinta (30) d\u00edas a quienes se consideren con derecho sobre los lotes para sepulcro ubicado en la secci\u00f3n D \u2013 Tablon 1 \u2013 Lotes 8 y 9 del cementerio local a nombre de Lombari Deolinda H y Lobardi leda E ambos [&hellip;]<\/p>\n","protected":false},"author":4,"featured_media":102746,"comment_status":"closed","ping_status":"closed","sticky":false,"template":"","format":"standard","meta":{"om_disable_all_campaigns":false,"_jetpack_memberships_contains_paid_content":false,"footnotes":""},"categories":[676,1124],"tags":[197,4618,696,33,19],"class_list":["post-124240","post","type-post","status-publish","format-standard","has-post-thumbnail","hentry","category-edictos","category-edictos-especiales","tag-buenos-aires","tag-edicto-de-cementerio-de-baradero-de-lombari-deolinda-h-y-lobardi-leda-e","tag-interes-general","tag-locales","tag-san-pedro"],"aioseo_notices":[],"gutentor_comment":0,"jetpack_featured_media_url":"https:\/\/eldiariodesanpedro.com.ar\/sitio\/wp-content\/uploads\/2022\/01\/EDICTO.jpg","jetpack_shortlink":"https:\/\/wp.me\/p6RhLt-wjS","jetpack_sharing_enabled":true,"_links":{"self":[{"href":"https:\/\/eldiariodesanpedro.com.ar\/sitio\/wp-json\/wp\/v2\/posts\/124240","targetHints":{"allow":["GET"]}}],"collection":[{"href":"https:\/\/eldiariodesanpedro.com.ar\/sitio\/wp-json\/wp\/v2\/posts"}],"about":[{"href":"https:\/\/eldiariodesanpedro.com.ar\/sitio\/wp-json\/wp\/v2\/types\/post"}],"author":[{"embeddable":true,"href":"https:\/\/eldiariodesanpedro.com.ar\/sitio\/wp-json\/wp\/v2\/users\/4"}],"replies":[{"embeddable":true,"href":"https:\/\/eldiariodesanpedro.com.ar\/sitio\/wp-json\/wp\/v2\/comments?post=124240"}],"version-history":[{"count":2,"href":"https:\/\/eldiariodesanpedro.com.ar\/sitio\/wp-json\/wp\/v2\/posts\/124240\/revisions"}],"predecessor-version":[{"id":124243,"href":"https:\/\/eldiariodesanpedro.com.ar\/sitio\/wp-json\/wp\/v2\/posts\/124240\/revisions\/124243"}],"wp:featuredmedia":[{"embeddable":true,"href":"https:\/\/eldiariodesanpedro.com.ar\/sitio\/wp-json\/wp\/v2\/media\/102746"}],"wp:attachment":[{"href":"https:\/\/eldiariodesanpedro.com.ar\/sitio\/wp-json\/wp\/v2\/media?parent=124240"}],"wp:term":[{"taxonomy":"category","embeddable":true,"href":"https:\/\/eldiariodesanpedro.com.ar\/sitio\/wp-json\/wp\/v2\/categories?post=124240"},{"taxonomy":"post_tag","embeddable":true,"href":"https:\/\/eldiariodesanpedro.com.ar\/sitio\/wp-json\/wp\/v2\/tags?post=124240"}],"curies":[{"name":"wp","href":"https:\/\/api.w.org\/{rel}","templated":true}]}}