{"id":124207,"date":"2023-11-27T10:56:32","date_gmt":"2023-11-27T13:56:32","guid":{"rendered":"https:\/\/eldiariodesanpedro.com.ar\/sitio\/?p=124207"},"modified":"2023-11-27T10:56:34","modified_gmt":"2023-11-27T13:56:34","slug":"recuperan-en-san-pedro-maderas-de-arboles-que-vivieron-cuando-el-mundo-transitaba-la-edad-media","status":"publish","type":"post","link":"https:\/\/eldiariodesanpedro.com.ar\/sitio\/recuperan-en-san-pedro-maderas-de-arboles-que-vivieron-cuando-el-mundo-transitaba-la-edad-media\/","title":{"rendered":"Recuperan en San Pedro maderas de \u00e1rboles que vivieron cuando el mundo transitaba la edad media\u00a0"},"content":{"rendered":"<!-- VideographyWP Plugin Message: Automatic video embedding prevented by plugin options. -->\n\n<p><strong>Son fragmentos de ramas y cortezas carbonizados cuya antig\u00fcedad rondar\u00eda los mil&nbsp;a\u00f1os. El hallazgo se produjo en Campo Sp\u00f3sito, lugar ubicado a unos 10 km de la ciudad.<\/strong><\/p>\n\n\n\n<p>Decenas de fragmentos de madera carbonizada cuya antig\u00fcedad&nbsp;se cree que rondar\u00eda los&nbsp;<strong>1.000 a\u00f1os<\/strong>, fueron recuperados por el equipo del&nbsp;<strong>Museo Paleontol\u00f3gico de San Pedro.<\/strong><\/p>\n\n\n\n<p>El descubrimiento se realiz\u00f3 durante una recorrida del&nbsp;<strong>Grupo Conservacionista<\/strong><strong>de F\u00f3siles<\/strong>&nbsp;en la que dieron con un bloque de sedimentos oscuros, casi negros, con abundantes restos de vegetales conservados en su interior.<\/p>\n\n\n\n<p>Dicho bloque fue trasladado al laboratorio del museo y una vez all\u00ed, se comenz\u00f3 con la delicada tarea de limpieza y extracci\u00f3n de los numerosos fragmentos de vegetales carbonizados que fueron apareciendo en su interior.<\/p>\n\n\n\n<p>Las piezas conservadas, tanto cortezas como ramas, pertenecen, principalmente, a ejemplares de&nbsp;<strong>espinillos<\/strong>&nbsp;(<em>Vachellia caven<\/em>) que proliferaban en la zona, hace m\u00e1s de diez siglos atr\u00e1s. El estado de conservaci\u00f3n es muy bueno y se recuperaron muestras de diferentes zonas de estas plantas, lo que representa una buena posibilidad para futuros estudios de estos antiguos ejemplares.<\/p>\n\n\n\n<p>El hallazgo fue realizado por Jos\u00e9 Luis Aguilar, Jorge Mart\u00ednez y Julio Simonini, del equipo del Museo. En la preparaci\u00f3n de los materiales colaboraron Santiago Ferreyra, Emma Lostal y Luc\u00eda Schvindt.<\/p>\n\n\n\n<p>Desde el Museo Paleontol\u00f3gico de San Pedro comentan que \u00ab<em>poder recuperar y disponer de\u00a0estos\u00a0materiales que pocas veces llegan a conservarse, es interesante porque son testimonios directos del desarrollo de especies arb\u00f3reas muy caracter\u00edsticas de la zona y eso permite seguir su existencia\u00a0en tiempos remotos y sus potenciales cambios con respecto a ejemplares actuales<\/em>\u00ab.<\/p>\n\n\n\n<figure class=\"wp-block-image size-full\"><img decoding=\"async\" width=\"840\" height=\"630\" data-attachment-id=\"124208\" data-permalink=\"https:\/\/eldiariodesanpedro.com.ar\/sitio\/recuperan-en-san-pedro-maderas-de-arboles-que-vivieron-cuando-el-mundo-transitaba-la-edad-media\/img_20231126_165445714\/\" data-orig-file=\"https:\/\/eldiariodesanpedro.com.ar\/sitio\/wp-content\/uploads\/2023\/11\/IMG_20231126_165445714.jpg\" data-orig-size=\"840,630\" data-comments-opened=\"0\" data-image-meta=\"{&quot;aperture&quot;:&quot;2.2&quot;,&quot;credit&quot;:&quot;&quot;,&quot;camera&quot;:&quot;moto g(8)&quot;,&quot;caption&quot;:&quot;&quot;,&quot;created_timestamp&quot;:&quot;1701017686&quot;,&quot;copyright&quot;:&quot;&quot;,&quot;focal_length&quot;:&quot;1.85&quot;,&quot;iso&quot;:&quot;164&quot;,&quot;shutter_speed&quot;:&quot;0.01&quot;,&quot;title&quot;:&quot;&quot;,&quot;orientation&quot;:&quot;1&quot;}\" data-image-title=\"IMG_20231126_165445714\" data-image-description=\"\" data-image-caption=\"\" data-large-file=\"https:\/\/eldiariodesanpedro.com.ar\/sitio\/wp-content\/uploads\/2023\/11\/IMG_20231126_165445714.jpg\" data-src=\"https:\/\/eldiariodesanpedro.com.ar\/sitio\/wp-content\/uploads\/2023\/11\/IMG_20231126_165445714.jpg\" alt=\"\" class=\"wp-image-124208 lazyload\" data-srcset=\"https:\/\/eldiariodesanpedro.com.ar\/sitio\/wp-content\/uploads\/2023\/11\/IMG_20231126_165445714.jpg 840w, https:\/\/eldiariodesanpedro.com.ar\/sitio\/wp-content\/uploads\/2023\/11\/IMG_20231126_165445714-300x225.jpg 300w, https:\/\/eldiariodesanpedro.com.ar\/sitio\/wp-content\/uploads\/2023\/11\/IMG_20231126_165445714-768x576.jpg 768w, https:\/\/eldiariodesanpedro.com.ar\/sitio\/wp-content\/uploads\/2023\/11\/IMG_20231126_165445714-272x204.jpg 272w\" data-sizes=\"(max-width: 840px) 100vw, 840px\" src=\"data:image\/svg+xml;base64,PHN2ZyB3aWR0aD0iMSIgaGVpZ2h0PSIxIiB4bWxucz0iaHR0cDovL3d3dy53My5vcmcvMjAwMC9zdmciPjwvc3ZnPg==\" style=\"--smush-placeholder-width: 840px; --smush-placeholder-aspect-ratio: 840\/630;\" \/><\/figure>\n","protected":false},"excerpt":{"rendered":"<p>Son fragmentos de ramas y cortezas carbonizados cuya antig\u00fcedad rondar\u00eda los mil&nbsp;a\u00f1os. El hallazgo se produjo en Campo Sp\u00f3sito, lugar ubicado a unos 10 km de la ciudad. Decenas de fragmentos de madera carbonizada cuya antig\u00fcedad&nbsp;se cree que rondar\u00eda los&nbsp;1.000 a\u00f1os, fueron recuperados por el equipo del&nbsp;Museo Paleontol\u00f3gico de San Pedro. El descubrimiento se realiz\u00f3 [&hellip;]<\/p>\n","protected":false},"author":4,"featured_media":124209,"comment_status":"closed","ping_status":"closed","sticky":false,"template":"","format":"standard","meta":{"om_disable_all_campaigns":false,"_jetpack_memberships_contains_paid_content":false,"footnotes":""},"categories":[101,2],"tags":[197,696,33,19],"class_list":["post-124207","post","type-post","status-publish","format-standard","has-post-thumbnail","hentry","category-interes-general-locales","category-locales","tag-buenos-aires","tag-interes-general","tag-locales","tag-san-pedro"],"aioseo_notices":[],"gutentor_comment":0,"jetpack_featured_media_url":"https:\/\/eldiariodesanpedro.com.ar\/sitio\/wp-content\/uploads\/2023\/11\/IMG_20231126_164756425.jpg","jetpack_shortlink":"https:\/\/wp.me\/p6RhLt-wjl","jetpack_sharing_enabled":true,"_links":{"self":[{"href":"https:\/\/eldiariodesanpedro.com.ar\/sitio\/wp-json\/wp\/v2\/posts\/124207","targetHints":{"allow":["GET"]}}],"collection":[{"href":"https:\/\/eldiariodesanpedro.com.ar\/sitio\/wp-json\/wp\/v2\/posts"}],"about":[{"href":"https:\/\/eldiariodesanpedro.com.ar\/sitio\/wp-json\/wp\/v2\/types\/post"}],"author":[{"embeddable":true,"href":"https:\/\/eldiariodesanpedro.com.ar\/sitio\/wp-json\/wp\/v2\/users\/4"}],"replies":[{"embeddable":true,"href":"https:\/\/eldiariodesanpedro.com.ar\/sitio\/wp-json\/wp\/v2\/comments?post=124207"}],"version-history":[{"count":1,"href":"https:\/\/eldiariodesanpedro.com.ar\/sitio\/wp-json\/wp\/v2\/posts\/124207\/revisions"}],"predecessor-version":[{"id":124210,"href":"https:\/\/eldiariodesanpedro.com.ar\/sitio\/wp-json\/wp\/v2\/posts\/124207\/revisions\/124210"}],"wp:featuredmedia":[{"embeddable":true,"href":"https:\/\/eldiariodesanpedro.com.ar\/sitio\/wp-json\/wp\/v2\/media\/124209"}],"wp:attachment":[{"href":"https:\/\/eldiariodesanpedro.com.ar\/sitio\/wp-json\/wp\/v2\/media?parent=124207"}],"wp:term":[{"taxonomy":"category","embeddable":true,"href":"https:\/\/eldiariodesanpedro.com.ar\/sitio\/wp-json\/wp\/v2\/categories?post=124207"},{"taxonomy":"post_tag","embeddable":true,"href":"https:\/\/eldiariodesanpedro.com.ar\/sitio\/wp-json\/wp\/v2\/tags?post=124207"}],"curies":[{"name":"wp","href":"https:\/\/api.w.org\/{rel}","templated":true}]}}