{"id":124202,"date":"2023-11-27T10:49:23","date_gmt":"2023-11-27T13:49:23","guid":{"rendered":"https:\/\/eldiariodesanpedro.com.ar\/sitio\/?p=124202"},"modified":"2023-11-27T10:49:25","modified_gmt":"2023-11-27T13:49:25","slug":"segundo-encuentro-provincial-de-municipios-donde-se-implementa-el-programa-barrio-adentro","status":"publish","type":"post","link":"https:\/\/eldiariodesanpedro.com.ar\/sitio\/segundo-encuentro-provincial-de-municipios-donde-se-implementa-el-programa-barrio-adentro\/","title":{"rendered":"Segundo Encuentro Provincial de Municipios donde se Implementa el Programa Barrio Adentro"},"content":{"rendered":"<!-- VideographyWP Plugin Message: Automatic video embedding prevented by plugin options. -->\n\n<p>Este viernes 24 de noviembre, en el predio \u201cAldea Primavera\u201d ubicado en la localidad de Tolosa, de la ciudad de La Plata se llev\u00f3 a cabo el segundo encuentro provincial de municipios donde se implementa el Programa \u201cBarrio Adentro\u201d, entre los que se incluye San Pedro que cuenta con un equipo t\u00e9cnico en territorio que lleva adelante diferentes estrategias para atender los requerimientos y problem\u00e1ticas de las adolescencias desde un enfoque integral.<\/p>\n\n\n\n<p>Barrio Adentro es un programa de desarrollo territorial, destinado a adolescentes de 12 a 18 a\u00f1os, que promueve la protecci\u00f3n y promoci\u00f3n de sus derechos y en nuestra ciudad es implementado desde la Secretar\u00eda de Desarrollo Humano desde el a\u00f1o 2022 tras el convenio firmado entre el Organismo Provincial de Ni\u00f1ez, Adolescencia y Familia de la Provincia de Buenos Aires y el Gobierno Municipal que encabeza el Intendente Cecilio Salazar.<\/p>\n\n\n\n<p>Durante la jornada, de la que participaron integrantes del Programa de diversos municipios como Carmen de Areco, Gonz\u00e1lez Chaves, Quilmes, Mercedes, San Pedro, Mor\u00f3n, Navarro, Necochea, Berisso, San Mart\u00edn, Miramar e Ituzaing\u00f3, se compartieron las problem\u00e1ticas y estrategias espec\u00edficas, implementadas en cada territorio y se establecieron lineamientos de trabajo para el pr\u00f3ximo a\u00f1o.<\/p>\n\n\n\n<p>Estuvieron presentes autoridades de la Subsecretaria de Promoci\u00f3n y Protecci\u00f3n de Derechos del Organismo Provincial de Ni\u00f1ez Adolescencia y Familia de la Provincia de Buenos Aires y miembros de los Equipos T\u00e9cnicos del Programa de cada municipio.<\/p>\n\n\n\n<figure class=\"wp-block-image size-full\"><img decoding=\"async\" width=\"840\" height=\"630\" data-attachment-id=\"124204\" data-permalink=\"https:\/\/eldiariodesanpedro.com.ar\/sitio\/segundo-encuentro-provincial-de-municipios-donde-se-implementa-el-programa-barrio-adentro\/imagen-de-whatsapp-2023-11-27-a-las-10-10-19_bcd49439\/\" data-orig-file=\"https:\/\/eldiariodesanpedro.com.ar\/sitio\/wp-content\/uploads\/2023\/11\/Imagen-de-WhatsApp-2023-11-27-a-las-10.10.19_bcd49439.jpg\" data-orig-size=\"840,630\" data-comments-opened=\"0\" data-image-meta=\"{&quot;aperture&quot;:&quot;0&quot;,&quot;credit&quot;:&quot;&quot;,&quot;camera&quot;:&quot;&quot;,&quot;caption&quot;:&quot;&quot;,&quot;created_timestamp&quot;:&quot;0&quot;,&quot;copyright&quot;:&quot;&quot;,&quot;focal_length&quot;:&quot;0&quot;,&quot;iso&quot;:&quot;0&quot;,&quot;shutter_speed&quot;:&quot;0&quot;,&quot;title&quot;:&quot;&quot;,&quot;orientation&quot;:&quot;0&quot;}\" data-image-title=\"Imagen de WhatsApp 2023-11-27 a las 10.10.19_bcd49439\" data-image-description=\"\" data-image-caption=\"\" data-large-file=\"https:\/\/eldiariodesanpedro.com.ar\/sitio\/wp-content\/uploads\/2023\/11\/Imagen-de-WhatsApp-2023-11-27-a-las-10.10.19_bcd49439.jpg\" data-src=\"https:\/\/eldiariodesanpedro.com.ar\/sitio\/wp-content\/uploads\/2023\/11\/Imagen-de-WhatsApp-2023-11-27-a-las-10.10.19_bcd49439.jpg\" alt=\"\" class=\"wp-image-124204 lazyload\" data-srcset=\"https:\/\/eldiariodesanpedro.com.ar\/sitio\/wp-content\/uploads\/2023\/11\/Imagen-de-WhatsApp-2023-11-27-a-las-10.10.19_bcd49439.jpg 840w, https:\/\/eldiariodesanpedro.com.ar\/sitio\/wp-content\/uploads\/2023\/11\/Imagen-de-WhatsApp-2023-11-27-a-las-10.10.19_bcd49439-300x225.jpg 300w, https:\/\/eldiariodesanpedro.com.ar\/sitio\/wp-content\/uploads\/2023\/11\/Imagen-de-WhatsApp-2023-11-27-a-las-10.10.19_bcd49439-768x576.jpg 768w, https:\/\/eldiariodesanpedro.com.ar\/sitio\/wp-content\/uploads\/2023\/11\/Imagen-de-WhatsApp-2023-11-27-a-las-10.10.19_bcd49439-272x204.jpg 272w\" data-sizes=\"(max-width: 840px) 100vw, 840px\" src=\"data:image\/svg+xml;base64,PHN2ZyB3aWR0aD0iMSIgaGVpZ2h0PSIxIiB4bWxucz0iaHR0cDovL3d3dy53My5vcmcvMjAwMC9zdmciPjwvc3ZnPg==\" style=\"--smush-placeholder-width: 840px; --smush-placeholder-aspect-ratio: 840\/630;\" \/><\/figure>\n\n\n\n<figure class=\"wp-block-image size-full\"><img decoding=\"async\" width=\"473\" height=\"630\" data-attachment-id=\"124205\" data-permalink=\"https:\/\/eldiariodesanpedro.com.ar\/sitio\/segundo-encuentro-provincial-de-municipios-donde-se-implementa-el-programa-barrio-adentro\/imagen-de-whatsapp-2023-11-27-a-las-10-10-24_4653cdfa\/\" data-orig-file=\"https:\/\/eldiariodesanpedro.com.ar\/sitio\/wp-content\/uploads\/2023\/11\/Imagen-de-WhatsApp-2023-11-27-a-las-10.10.24_4653cdfa.jpg\" data-orig-size=\"473,630\" data-comments-opened=\"0\" data-image-meta=\"{&quot;aperture&quot;:&quot;0&quot;,&quot;credit&quot;:&quot;&quot;,&quot;camera&quot;:&quot;&quot;,&quot;caption&quot;:&quot;&quot;,&quot;created_timestamp&quot;:&quot;0&quot;,&quot;copyright&quot;:&quot;&quot;,&quot;focal_length&quot;:&quot;0&quot;,&quot;iso&quot;:&quot;0&quot;,&quot;shutter_speed&quot;:&quot;0&quot;,&quot;title&quot;:&quot;&quot;,&quot;orientation&quot;:&quot;0&quot;}\" data-image-title=\"Imagen de WhatsApp 2023-11-27 a las 10.10.24_4653cdfa\" data-image-description=\"\" data-image-caption=\"\" data-large-file=\"https:\/\/eldiariodesanpedro.com.ar\/sitio\/wp-content\/uploads\/2023\/11\/Imagen-de-WhatsApp-2023-11-27-a-las-10.10.24_4653cdfa.jpg\" data-src=\"https:\/\/eldiariodesanpedro.com.ar\/sitio\/wp-content\/uploads\/2023\/11\/Imagen-de-WhatsApp-2023-11-27-a-las-10.10.24_4653cdfa.jpg\" alt=\"\" class=\"wp-image-124205 lazyload\" data-srcset=\"https:\/\/eldiariodesanpedro.com.ar\/sitio\/wp-content\/uploads\/2023\/11\/Imagen-de-WhatsApp-2023-11-27-a-las-10.10.24_4653cdfa.jpg 473w, https:\/\/eldiariodesanpedro.com.ar\/sitio\/wp-content\/uploads\/2023\/11\/Imagen-de-WhatsApp-2023-11-27-a-las-10.10.24_4653cdfa-225x300.jpg 225w\" data-sizes=\"(max-width: 473px) 100vw, 473px\" src=\"data:image\/svg+xml;base64,PHN2ZyB3aWR0aD0iMSIgaGVpZ2h0PSIxIiB4bWxucz0iaHR0cDovL3d3dy53My5vcmcvMjAwMC9zdmciPjwvc3ZnPg==\" style=\"--smush-placeholder-width: 473px; --smush-placeholder-aspect-ratio: 473\/630;\" \/><\/figure>\n","protected":false},"excerpt":{"rendered":"<p>Este viernes 24 de noviembre, en el predio \u201cAldea Primavera\u201d ubicado en la localidad de Tolosa, de la ciudad de La Plata se llev\u00f3 a cabo el segundo encuentro provincial de municipios donde se implementa el Programa \u201cBarrio Adentro\u201d, entre los que se incluye San Pedro que cuenta con un equipo t\u00e9cnico en territorio que [&hellip;]<\/p>\n","protected":false},"author":4,"featured_media":124203,"comment_status":"closed","ping_status":"closed","sticky":false,"template":"","format":"standard","meta":{"om_disable_all_campaigns":false,"_jetpack_memberships_contains_paid_content":false,"footnotes":""},"categories":[101,2],"tags":[197,696,33,19],"class_list":["post-124202","post","type-post","status-publish","format-standard","has-post-thumbnail","hentry","category-interes-general-locales","category-locales","tag-buenos-aires","tag-interes-general","tag-locales","tag-san-pedro"],"aioseo_notices":[],"gutentor_comment":0,"jetpack_featured_media_url":"https:\/\/eldiariodesanpedro.com.ar\/sitio\/wp-content\/uploads\/2023\/11\/Imagen-de-WhatsApp-2023-11-27-a-las-10.10.17_96f6a3b5.jpg","jetpack_shortlink":"https:\/\/wp.me\/p6RhLt-wjg","jetpack_sharing_enabled":true,"_links":{"self":[{"href":"https:\/\/eldiariodesanpedro.com.ar\/sitio\/wp-json\/wp\/v2\/posts\/124202","targetHints":{"allow":["GET"]}}],"collection":[{"href":"https:\/\/eldiariodesanpedro.com.ar\/sitio\/wp-json\/wp\/v2\/posts"}],"about":[{"href":"https:\/\/eldiariodesanpedro.com.ar\/sitio\/wp-json\/wp\/v2\/types\/post"}],"author":[{"embeddable":true,"href":"https:\/\/eldiariodesanpedro.com.ar\/sitio\/wp-json\/wp\/v2\/users\/4"}],"replies":[{"embeddable":true,"href":"https:\/\/eldiariodesanpedro.com.ar\/sitio\/wp-json\/wp\/v2\/comments?post=124202"}],"version-history":[{"count":1,"href":"https:\/\/eldiariodesanpedro.com.ar\/sitio\/wp-json\/wp\/v2\/posts\/124202\/revisions"}],"predecessor-version":[{"id":124206,"href":"https:\/\/eldiariodesanpedro.com.ar\/sitio\/wp-json\/wp\/v2\/posts\/124202\/revisions\/124206"}],"wp:featuredmedia":[{"embeddable":true,"href":"https:\/\/eldiariodesanpedro.com.ar\/sitio\/wp-json\/wp\/v2\/media\/124203"}],"wp:attachment":[{"href":"https:\/\/eldiariodesanpedro.com.ar\/sitio\/wp-json\/wp\/v2\/media?parent=124202"}],"wp:term":[{"taxonomy":"category","embeddable":true,"href":"https:\/\/eldiariodesanpedro.com.ar\/sitio\/wp-json\/wp\/v2\/categories?post=124202"},{"taxonomy":"post_tag","embeddable":true,"href":"https:\/\/eldiariodesanpedro.com.ar\/sitio\/wp-json\/wp\/v2\/tags?post=124202"}],"curies":[{"name":"wp","href":"https:\/\/api.w.org\/{rel}","templated":true}]}}