{"id":124191,"date":"2023-11-27T10:34:13","date_gmt":"2023-11-27T13:34:13","guid":{"rendered":"https:\/\/eldiariodesanpedro.com.ar\/sitio\/?p=124191"},"modified":"2023-11-27T10:34:15","modified_gmt":"2023-11-27T13:34:15","slug":"acto-en-el-dia-internacional-de-eliminacion-de-la-violencia-contra-las-mujeres","status":"publish","type":"post","link":"https:\/\/eldiariodesanpedro.com.ar\/sitio\/acto-en-el-dia-internacional-de-eliminacion-de-la-violencia-contra-las-mujeres\/","title":{"rendered":"Acto en el D\u00eda internacional de eliminaci\u00f3n de la Violencia contra las Mujeres"},"content":{"rendered":"<!-- VideographyWP Plugin Message: Automatic video embedding prevented by plugin options. -->\n\n<p>La Secretar\u00eda de Pol\u00edticas de G\u00e9nero, Mujeres y Diversidad de la Municipalidad de San Pedro concret\u00f3 este s\u00e1bado el acto en conmemoraci\u00f3n del D\u00eda Internacional de Eliminaci\u00f3n de la Violencia contra las Mujeres, que recuerda el femicidio en 1960 de las hermanas Mirabal a manos de la dictadura de L\u00e9onidas Trujillo, en Rep\u00fablica Dominicana.<\/p>\n\n\n\n<p>El acto tuvo lugar en la intersecci\u00f3n de las Avenidas Boulevard Moreno y 11 de Septiembre, donde se encuentra emplazada la se\u00f1al\u00e9tica municipal que recuerda la jornada, obra de la arquitecta Mar\u00eda Luz M\u00e9ndez.<\/p>\n\n\n\n<p>La jornada cont\u00f3 con una importante participaci\u00f3n de funcionarios municipales y provinciales; concejales; autoridades de la Comisar\u00eda de la Mujer y la Familia; representantes de Jefatura Distrital de Educaci\u00f3n; e integrantes de distintas organizaciones feministas y de Diversidad, que confluyen en la Mesa Local de Atenci\u00f3n y Prevenci\u00f3n de la Violencia de G\u00e9nero y Familiar.<\/p>\n\n\n\n<p>Durante el acto hizo uso de la palabra en primer lugar la Secretaria de Pol\u00edticas de G\u00e9nero, Mujeres y Diversidad Laura Monfasani, quien destac\u00f3 el trabajo diario del \u00e1rea en la atenci\u00f3n y contenci\u00f3n de mujeres y diversidades en situaci\u00f3n de violencia de g\u00e9nero, en un municipio con un promedio de 10 denuncias diarias. Adem\u00e1s destac\u00f3 la decisi\u00f3n pol\u00edtica del intendente Cecilio Salazar en la creaci\u00f3n del \u00e1rea, y el rol preponderante de las organizaciones feministas y de diversidad en la conquista de derechos y el dise\u00f1o de pol\u00edticas p\u00fablicas.<\/p>\n\n\n\n<p>Por otra parte tambi\u00e9n hizo lo propio el secretario de Gobierno Mart\u00edn Baraybar, quien llam\u00f3 a la reflexi\u00f3n a todos los varones en cuanto al rol que deben desempe\u00f1ar en la lucha contra las violencias por razones de g\u00e9nero, destacando tambi\u00e9n por su parte el papel que han desempe\u00f1ado en las calles la militancia, no solo local sino en el pa\u00eds, que derivaron en la conformaci\u00f3n de ministerios y secretar\u00edas, adem\u00e1s de la conquista de otros derechos fundamentales.<\/p>\n\n\n\n<p>Durante el acto se record\u00f3 con emoci\u00f3n a las v\u00edctimas de femicidio en nuestra ciudad, al tiempo que se renov\u00f3 el compromiso del trabajo cotidiano.<\/p>\n\n\n\n<p>La jornada cerr\u00f3 con la actuaci\u00f3n del grupo de percusi\u00f3n feminista \u00abAquelarre de Tamboreras\u00bb.<\/p>\n\n\n\n<figure class=\"wp-block-image size-full\"><img decoding=\"async\" width=\"945\" height=\"630\" data-attachment-id=\"124193\" data-permalink=\"https:\/\/eldiariodesanpedro.com.ar\/sitio\/acto-en-el-dia-internacional-de-eliminacion-de-la-violencia-contra-las-mujeres\/imagen-de-whatsapp-2023-11-25-a-las-13-47-14_84fd7803\/\" data-orig-file=\"https:\/\/eldiariodesanpedro.com.ar\/sitio\/wp-content\/uploads\/2023\/11\/Imagen-de-WhatsApp-2023-11-25-a-las-13.47.14_84fd7803.jpg\" data-orig-size=\"945,630\" data-comments-opened=\"0\" data-image-meta=\"{&quot;aperture&quot;:&quot;0&quot;,&quot;credit&quot;:&quot;&quot;,&quot;camera&quot;:&quot;&quot;,&quot;caption&quot;:&quot;&quot;,&quot;created_timestamp&quot;:&quot;0&quot;,&quot;copyright&quot;:&quot;&quot;,&quot;focal_length&quot;:&quot;0&quot;,&quot;iso&quot;:&quot;0&quot;,&quot;shutter_speed&quot;:&quot;0&quot;,&quot;title&quot;:&quot;&quot;,&quot;orientation&quot;:&quot;0&quot;}\" data-image-title=\"Imagen de WhatsApp 2023-11-25 a las 13.47.14_84fd7803\" data-image-description=\"\" data-image-caption=\"\" data-large-file=\"https:\/\/eldiariodesanpedro.com.ar\/sitio\/wp-content\/uploads\/2023\/11\/Imagen-de-WhatsApp-2023-11-25-a-las-13.47.14_84fd7803.jpg\" data-src=\"https:\/\/eldiariodesanpedro.com.ar\/sitio\/wp-content\/uploads\/2023\/11\/Imagen-de-WhatsApp-2023-11-25-a-las-13.47.14_84fd7803.jpg\" alt=\"\" class=\"wp-image-124193 lazyload\" data-srcset=\"https:\/\/eldiariodesanpedro.com.ar\/sitio\/wp-content\/uploads\/2023\/11\/Imagen-de-WhatsApp-2023-11-25-a-las-13.47.14_84fd7803.jpg 945w, https:\/\/eldiariodesanpedro.com.ar\/sitio\/wp-content\/uploads\/2023\/11\/Imagen-de-WhatsApp-2023-11-25-a-las-13.47.14_84fd7803-300x200.jpg 300w, https:\/\/eldiariodesanpedro.com.ar\/sitio\/wp-content\/uploads\/2023\/11\/Imagen-de-WhatsApp-2023-11-25-a-las-13.47.14_84fd7803-768x512.jpg 768w\" data-sizes=\"(max-width: 945px) 100vw, 945px\" src=\"data:image\/svg+xml;base64,PHN2ZyB3aWR0aD0iMSIgaGVpZ2h0PSIxIiB4bWxucz0iaHR0cDovL3d3dy53My5vcmcvMjAwMC9zdmciPjwvc3ZnPg==\" style=\"--smush-placeholder-width: 945px; --smush-placeholder-aspect-ratio: 945\/630;\" \/><\/figure>\n\n\n\n<figure class=\"wp-block-image size-full\"><img decoding=\"async\" width=\"945\" height=\"630\" data-attachment-id=\"124195\" data-permalink=\"https:\/\/eldiariodesanpedro.com.ar\/sitio\/acto-en-el-dia-internacional-de-eliminacion-de-la-violencia-contra-las-mujeres\/imagen-de-whatsapp-2023-11-25-a-las-13-47-15_99f87f33\/\" data-orig-file=\"https:\/\/eldiariodesanpedro.com.ar\/sitio\/wp-content\/uploads\/2023\/11\/Imagen-de-WhatsApp-2023-11-25-a-las-13.47.15_99f87f33.jpg\" data-orig-size=\"945,630\" data-comments-opened=\"0\" data-image-meta=\"{&quot;aperture&quot;:&quot;0&quot;,&quot;credit&quot;:&quot;&quot;,&quot;camera&quot;:&quot;&quot;,&quot;caption&quot;:&quot;&quot;,&quot;created_timestamp&quot;:&quot;0&quot;,&quot;copyright&quot;:&quot;&quot;,&quot;focal_length&quot;:&quot;0&quot;,&quot;iso&quot;:&quot;0&quot;,&quot;shutter_speed&quot;:&quot;0&quot;,&quot;title&quot;:&quot;&quot;,&quot;orientation&quot;:&quot;0&quot;}\" data-image-title=\"Imagen de WhatsApp 2023-11-25 a las 13.47.15_99f87f33\" data-image-description=\"\" data-image-caption=\"\" data-large-file=\"https:\/\/eldiariodesanpedro.com.ar\/sitio\/wp-content\/uploads\/2023\/11\/Imagen-de-WhatsApp-2023-11-25-a-las-13.47.15_99f87f33.jpg\" data-src=\"https:\/\/eldiariodesanpedro.com.ar\/sitio\/wp-content\/uploads\/2023\/11\/Imagen-de-WhatsApp-2023-11-25-a-las-13.47.15_99f87f33.jpg\" alt=\"\" class=\"wp-image-124195 lazyload\" data-srcset=\"https:\/\/eldiariodesanpedro.com.ar\/sitio\/wp-content\/uploads\/2023\/11\/Imagen-de-WhatsApp-2023-11-25-a-las-13.47.15_99f87f33.jpg 945w, https:\/\/eldiariodesanpedro.com.ar\/sitio\/wp-content\/uploads\/2023\/11\/Imagen-de-WhatsApp-2023-11-25-a-las-13.47.15_99f87f33-300x200.jpg 300w, https:\/\/eldiariodesanpedro.com.ar\/sitio\/wp-content\/uploads\/2023\/11\/Imagen-de-WhatsApp-2023-11-25-a-las-13.47.15_99f87f33-768x512.jpg 768w\" data-sizes=\"(max-width: 945px) 100vw, 945px\" src=\"data:image\/svg+xml;base64,PHN2ZyB3aWR0aD0iMSIgaGVpZ2h0PSIxIiB4bWxucz0iaHR0cDovL3d3dy53My5vcmcvMjAwMC9zdmciPjwvc3ZnPg==\" style=\"--smush-placeholder-width: 945px; --smush-placeholder-aspect-ratio: 945\/630;\" \/><\/figure>\n\n\n\n<figure class=\"wp-block-image size-full\"><img decoding=\"async\" width=\"945\" height=\"630\" data-attachment-id=\"124194\" data-permalink=\"https:\/\/eldiariodesanpedro.com.ar\/sitio\/acto-en-el-dia-internacional-de-eliminacion-de-la-violencia-contra-las-mujeres\/imagen-de-whatsapp-2023-11-25-a-las-13-47-15_8d70e73f\/\" data-orig-file=\"https:\/\/eldiariodesanpedro.com.ar\/sitio\/wp-content\/uploads\/2023\/11\/Imagen-de-WhatsApp-2023-11-25-a-las-13.47.15_8d70e73f.jpg\" data-orig-size=\"945,630\" data-comments-opened=\"0\" data-image-meta=\"{&quot;aperture&quot;:&quot;0&quot;,&quot;credit&quot;:&quot;&quot;,&quot;camera&quot;:&quot;&quot;,&quot;caption&quot;:&quot;&quot;,&quot;created_timestamp&quot;:&quot;0&quot;,&quot;copyright&quot;:&quot;&quot;,&quot;focal_length&quot;:&quot;0&quot;,&quot;iso&quot;:&quot;0&quot;,&quot;shutter_speed&quot;:&quot;0&quot;,&quot;title&quot;:&quot;&quot;,&quot;orientation&quot;:&quot;0&quot;}\" data-image-title=\"Imagen de WhatsApp 2023-11-25 a las 13.47.15_8d70e73f\" data-image-description=\"\" data-image-caption=\"\" data-large-file=\"https:\/\/eldiariodesanpedro.com.ar\/sitio\/wp-content\/uploads\/2023\/11\/Imagen-de-WhatsApp-2023-11-25-a-las-13.47.15_8d70e73f.jpg\" data-src=\"https:\/\/eldiariodesanpedro.com.ar\/sitio\/wp-content\/uploads\/2023\/11\/Imagen-de-WhatsApp-2023-11-25-a-las-13.47.15_8d70e73f.jpg\" alt=\"\" class=\"wp-image-124194 lazyload\" data-srcset=\"https:\/\/eldiariodesanpedro.com.ar\/sitio\/wp-content\/uploads\/2023\/11\/Imagen-de-WhatsApp-2023-11-25-a-las-13.47.15_8d70e73f.jpg 945w, https:\/\/eldiariodesanpedro.com.ar\/sitio\/wp-content\/uploads\/2023\/11\/Imagen-de-WhatsApp-2023-11-25-a-las-13.47.15_8d70e73f-300x200.jpg 300w, https:\/\/eldiariodesanpedro.com.ar\/sitio\/wp-content\/uploads\/2023\/11\/Imagen-de-WhatsApp-2023-11-25-a-las-13.47.15_8d70e73f-768x512.jpg 768w\" data-sizes=\"(max-width: 945px) 100vw, 945px\" src=\"data:image\/svg+xml;base64,PHN2ZyB3aWR0aD0iMSIgaGVpZ2h0PSIxIiB4bWxucz0iaHR0cDovL3d3dy53My5vcmcvMjAwMC9zdmciPjwvc3ZnPg==\" style=\"--smush-placeholder-width: 945px; --smush-placeholder-aspect-ratio: 945\/630;\" \/><\/figure>\n","protected":false},"excerpt":{"rendered":"<p>La Secretar\u00eda de Pol\u00edticas de G\u00e9nero, Mujeres y Diversidad de la Municipalidad de San Pedro concret\u00f3 este s\u00e1bado el acto en conmemoraci\u00f3n del D\u00eda Internacional de Eliminaci\u00f3n de la Violencia contra las Mujeres, que recuerda el femicidio en 1960 de las hermanas Mirabal a manos de la dictadura de L\u00e9onidas Trujillo, en Rep\u00fablica Dominicana. El [&hellip;]<\/p>\n","protected":false},"author":4,"featured_media":124197,"comment_status":"closed","ping_status":"closed","sticky":false,"template":"","format":"standard","meta":{"om_disable_all_campaigns":false,"_jetpack_memberships_contains_paid_content":false,"footnotes":""},"categories":[101,2],"tags":[197,696,33,19],"class_list":["post-124191","post","type-post","status-publish","format-standard","has-post-thumbnail","hentry","category-interes-general-locales","category-locales","tag-buenos-aires","tag-interes-general","tag-locales","tag-san-pedro"],"aioseo_notices":[],"gutentor_comment":0,"jetpack_featured_media_url":"https:\/\/eldiariodesanpedro.com.ar\/sitio\/wp-content\/uploads\/2023\/11\/Imagen-de-WhatsApp-2023-11-25-a-las-13.47.17_c8fa1534.jpg","jetpack_shortlink":"https:\/\/wp.me\/p6RhLt-wj5","jetpack_sharing_enabled":true,"_links":{"self":[{"href":"https:\/\/eldiariodesanpedro.com.ar\/sitio\/wp-json\/wp\/v2\/posts\/124191","targetHints":{"allow":["GET"]}}],"collection":[{"href":"https:\/\/eldiariodesanpedro.com.ar\/sitio\/wp-json\/wp\/v2\/posts"}],"about":[{"href":"https:\/\/eldiariodesanpedro.com.ar\/sitio\/wp-json\/wp\/v2\/types\/post"}],"author":[{"embeddable":true,"href":"https:\/\/eldiariodesanpedro.com.ar\/sitio\/wp-json\/wp\/v2\/users\/4"}],"replies":[{"embeddable":true,"href":"https:\/\/eldiariodesanpedro.com.ar\/sitio\/wp-json\/wp\/v2\/comments?post=124191"}],"version-history":[{"count":1,"href":"https:\/\/eldiariodesanpedro.com.ar\/sitio\/wp-json\/wp\/v2\/posts\/124191\/revisions"}],"predecessor-version":[{"id":124198,"href":"https:\/\/eldiariodesanpedro.com.ar\/sitio\/wp-json\/wp\/v2\/posts\/124191\/revisions\/124198"}],"wp:featuredmedia":[{"embeddable":true,"href":"https:\/\/eldiariodesanpedro.com.ar\/sitio\/wp-json\/wp\/v2\/media\/124197"}],"wp:attachment":[{"href":"https:\/\/eldiariodesanpedro.com.ar\/sitio\/wp-json\/wp\/v2\/media?parent=124191"}],"wp:term":[{"taxonomy":"category","embeddable":true,"href":"https:\/\/eldiariodesanpedro.com.ar\/sitio\/wp-json\/wp\/v2\/categories?post=124191"},{"taxonomy":"post_tag","embeddable":true,"href":"https:\/\/eldiariodesanpedro.com.ar\/sitio\/wp-json\/wp\/v2\/tags?post=124191"}],"curies":[{"name":"wp","href":"https:\/\/api.w.org\/{rel}","templated":true}]}}