{"id":124184,"date":"2023-11-27T10:26:30","date_gmt":"2023-11-27T13:26:30","guid":{"rendered":"https:\/\/eldiariodesanpedro.com.ar\/sitio\/?p=124184"},"modified":"2023-11-27T10:26:32","modified_gmt":"2023-11-27T13:26:32","slug":"se-concreto-el-taller-sobre-diabetes-tipo-i-y-alimentacion-en-el-polo-de-salud","status":"publish","type":"post","link":"https:\/\/eldiariodesanpedro.com.ar\/sitio\/se-concreto-el-taller-sobre-diabetes-tipo-i-y-alimentacion-en-el-polo-de-salud\/","title":{"rendered":"Se concret\u00f3 el Taller sobre Diabetes Tipo I y Alimentaci\u00f3n en el Polo de Salud"},"content":{"rendered":"<!-- VideographyWP Plugin Message: Automatic video embedding prevented by plugin options. -->\n\n<p>Este s\u00e1bado, la Secretar\u00eda de Salud de la Municipalidad de San Pedro organiz\u00f3 un taller de Diabetes Tipo I y Alimentaci\u00f3n en las instalaciones del Polo de Salud Municipal. El evento fue coordinado por la Licenciada en Nutrici\u00f3n, Yanina Merino, y tuvo como p\u00fablico objetivo a personas diagnosticadas con diabetes tipo I y sus familias.<\/p>\n\n\n\n<p>El taller se estructur\u00f3 en torno a la relevancia de la alimentaci\u00f3n en el manejo de la diabetes tipo I, proporcionando informaci\u00f3n sobre los h\u00e1bitos nutricionales adecuados.<\/p>\n\n\n\n<p>La iniciativa, en l\u00ednea con las pol\u00edticas de promoci\u00f3n de la salud que se vienen llevando a cabo desde el gobierno que encabeza el Intendente Cecilio Salazar, busca brindar herramientas y conocimientos pr\u00e1cticos a aquellos afectados por la diabetes tipo I y sus familias, promoviendo un enfoque integral para el cuidado de la salud.<\/p>\n\n\n\n<p>Agradecemos la colaboraci\u00f3n de la Cooperadora del Hospital, Quinta fresca, Femeba, Librer\u00eda Makleo, Cicop, Colegio de Farmac\u00e9uticos, Novo Nordisk,\u00a0Frozen.<\/p>\n\n\n\n<figure class=\"wp-block-image size-full\"><img decoding=\"async\" width=\"473\" height=\"630\" data-attachment-id=\"124185\" data-permalink=\"https:\/\/eldiariodesanpedro.com.ar\/sitio\/se-concreto-el-taller-sobre-diabetes-tipo-i-y-alimentacion-en-el-polo-de-salud\/imagen-de-whatsapp-2023-11-25-a-las-13-41-01_3c446895\/\" data-orig-file=\"https:\/\/eldiariodesanpedro.com.ar\/sitio\/wp-content\/uploads\/2023\/11\/Imagen-de-WhatsApp-2023-11-25-a-las-13.41.01_3c446895.jpg\" data-orig-size=\"473,630\" data-comments-opened=\"0\" data-image-meta=\"{&quot;aperture&quot;:&quot;0&quot;,&quot;credit&quot;:&quot;&quot;,&quot;camera&quot;:&quot;&quot;,&quot;caption&quot;:&quot;&quot;,&quot;created_timestamp&quot;:&quot;0&quot;,&quot;copyright&quot;:&quot;&quot;,&quot;focal_length&quot;:&quot;0&quot;,&quot;iso&quot;:&quot;0&quot;,&quot;shutter_speed&quot;:&quot;0&quot;,&quot;title&quot;:&quot;&quot;,&quot;orientation&quot;:&quot;0&quot;}\" data-image-title=\"Imagen de WhatsApp 2023-11-25 a las 13.41.01_3c446895\" data-image-description=\"\" data-image-caption=\"\" data-large-file=\"https:\/\/eldiariodesanpedro.com.ar\/sitio\/wp-content\/uploads\/2023\/11\/Imagen-de-WhatsApp-2023-11-25-a-las-13.41.01_3c446895.jpg\" data-src=\"https:\/\/eldiariodesanpedro.com.ar\/sitio\/wp-content\/uploads\/2023\/11\/Imagen-de-WhatsApp-2023-11-25-a-las-13.41.01_3c446895.jpg\" alt=\"\" class=\"wp-image-124185 lazyload\" data-srcset=\"https:\/\/eldiariodesanpedro.com.ar\/sitio\/wp-content\/uploads\/2023\/11\/Imagen-de-WhatsApp-2023-11-25-a-las-13.41.01_3c446895.jpg 473w, https:\/\/eldiariodesanpedro.com.ar\/sitio\/wp-content\/uploads\/2023\/11\/Imagen-de-WhatsApp-2023-11-25-a-las-13.41.01_3c446895-225x300.jpg 225w\" data-sizes=\"(max-width: 473px) 100vw, 473px\" src=\"data:image\/svg+xml;base64,PHN2ZyB3aWR0aD0iMSIgaGVpZ2h0PSIxIiB4bWxucz0iaHR0cDovL3d3dy53My5vcmcvMjAwMC9zdmciPjwvc3ZnPg==\" style=\"--smush-placeholder-width: 473px; --smush-placeholder-aspect-ratio: 473\/630;\" \/><\/figure>\n\n\n\n<figure class=\"wp-block-image size-full\"><img decoding=\"async\" width=\"917\" height=\"630\" data-attachment-id=\"124187\" data-permalink=\"https:\/\/eldiariodesanpedro.com.ar\/sitio\/se-concreto-el-taller-sobre-diabetes-tipo-i-y-alimentacion-en-el-polo-de-salud\/imagen-de-whatsapp-2023-11-25-a-las-13-41-04_02d990d2\/\" data-orig-file=\"https:\/\/eldiariodesanpedro.com.ar\/sitio\/wp-content\/uploads\/2023\/11\/Imagen-de-WhatsApp-2023-11-25-a-las-13.41.04_02d990d2.jpg\" data-orig-size=\"917,630\" data-comments-opened=\"0\" data-image-meta=\"{&quot;aperture&quot;:&quot;0&quot;,&quot;credit&quot;:&quot;&quot;,&quot;camera&quot;:&quot;&quot;,&quot;caption&quot;:&quot;&quot;,&quot;created_timestamp&quot;:&quot;0&quot;,&quot;copyright&quot;:&quot;&quot;,&quot;focal_length&quot;:&quot;0&quot;,&quot;iso&quot;:&quot;0&quot;,&quot;shutter_speed&quot;:&quot;0&quot;,&quot;title&quot;:&quot;&quot;,&quot;orientation&quot;:&quot;0&quot;}\" data-image-title=\"Imagen de WhatsApp 2023-11-25 a las 13.41.04_02d990d2\" data-image-description=\"\" data-image-caption=\"\" data-large-file=\"https:\/\/eldiariodesanpedro.com.ar\/sitio\/wp-content\/uploads\/2023\/11\/Imagen-de-WhatsApp-2023-11-25-a-las-13.41.04_02d990d2.jpg\" data-src=\"https:\/\/eldiariodesanpedro.com.ar\/sitio\/wp-content\/uploads\/2023\/11\/Imagen-de-WhatsApp-2023-11-25-a-las-13.41.04_02d990d2.jpg\" alt=\"\" class=\"wp-image-124187 lazyload\" data-srcset=\"https:\/\/eldiariodesanpedro.com.ar\/sitio\/wp-content\/uploads\/2023\/11\/Imagen-de-WhatsApp-2023-11-25-a-las-13.41.04_02d990d2.jpg 917w, https:\/\/eldiariodesanpedro.com.ar\/sitio\/wp-content\/uploads\/2023\/11\/Imagen-de-WhatsApp-2023-11-25-a-las-13.41.04_02d990d2-300x206.jpg 300w, https:\/\/eldiariodesanpedro.com.ar\/sitio\/wp-content\/uploads\/2023\/11\/Imagen-de-WhatsApp-2023-11-25-a-las-13.41.04_02d990d2-768x528.jpg 768w\" data-sizes=\"(max-width: 917px) 100vw, 917px\" src=\"data:image\/svg+xml;base64,PHN2ZyB3aWR0aD0iMSIgaGVpZ2h0PSIxIiB4bWxucz0iaHR0cDovL3d3dy53My5vcmcvMjAwMC9zdmciPjwvc3ZnPg==\" style=\"--smush-placeholder-width: 917px; --smush-placeholder-aspect-ratio: 917\/630;\" \/><\/figure>\n","protected":false},"excerpt":{"rendered":"<p>Este s\u00e1bado, la Secretar\u00eda de Salud de la Municipalidad de San Pedro organiz\u00f3 un taller de Diabetes Tipo I y Alimentaci\u00f3n en las instalaciones del Polo de Salud Municipal. El evento fue coordinado por la Licenciada en Nutrici\u00f3n, Yanina Merino, y tuvo como p\u00fablico objetivo a personas diagnosticadas con diabetes tipo I y sus familias. [&hellip;]<\/p>\n","protected":false},"author":4,"featured_media":124189,"comment_status":"closed","ping_status":"closed","sticky":false,"template":"","format":"standard","meta":{"om_disable_all_campaigns":false,"_jetpack_memberships_contains_paid_content":false,"footnotes":""},"categories":[50,101,2],"tags":[197,696,33,19],"class_list":["post-124184","post","type-post","status-publish","format-standard","has-post-thumbnail","hentry","category-destacadas","category-interes-general-locales","category-locales","tag-buenos-aires","tag-interes-general","tag-locales","tag-san-pedro"],"aioseo_notices":[],"gutentor_comment":0,"jetpack_featured_media_url":"https:\/\/eldiariodesanpedro.com.ar\/sitio\/wp-content\/uploads\/2023\/11\/Imagen-de-WhatsApp-2023-11-25-a-las-13.41.05_c2fe75af.jpg","jetpack_shortlink":"https:\/\/wp.me\/p6RhLt-wiY","jetpack_sharing_enabled":true,"_links":{"self":[{"href":"https:\/\/eldiariodesanpedro.com.ar\/sitio\/wp-json\/wp\/v2\/posts\/124184","targetHints":{"allow":["GET"]}}],"collection":[{"href":"https:\/\/eldiariodesanpedro.com.ar\/sitio\/wp-json\/wp\/v2\/posts"}],"about":[{"href":"https:\/\/eldiariodesanpedro.com.ar\/sitio\/wp-json\/wp\/v2\/types\/post"}],"author":[{"embeddable":true,"href":"https:\/\/eldiariodesanpedro.com.ar\/sitio\/wp-json\/wp\/v2\/users\/4"}],"replies":[{"embeddable":true,"href":"https:\/\/eldiariodesanpedro.com.ar\/sitio\/wp-json\/wp\/v2\/comments?post=124184"}],"version-history":[{"count":1,"href":"https:\/\/eldiariodesanpedro.com.ar\/sitio\/wp-json\/wp\/v2\/posts\/124184\/revisions"}],"predecessor-version":[{"id":124190,"href":"https:\/\/eldiariodesanpedro.com.ar\/sitio\/wp-json\/wp\/v2\/posts\/124184\/revisions\/124190"}],"wp:featuredmedia":[{"embeddable":true,"href":"https:\/\/eldiariodesanpedro.com.ar\/sitio\/wp-json\/wp\/v2\/media\/124189"}],"wp:attachment":[{"href":"https:\/\/eldiariodesanpedro.com.ar\/sitio\/wp-json\/wp\/v2\/media?parent=124184"}],"wp:term":[{"taxonomy":"category","embeddable":true,"href":"https:\/\/eldiariodesanpedro.com.ar\/sitio\/wp-json\/wp\/v2\/categories?post=124184"},{"taxonomy":"post_tag","embeddable":true,"href":"https:\/\/eldiariodesanpedro.com.ar\/sitio\/wp-json\/wp\/v2\/tags?post=124184"}],"curies":[{"name":"wp","href":"https:\/\/api.w.org\/{rel}","templated":true}]}}