{"id":124180,"date":"2023-11-27T10:13:03","date_gmt":"2023-11-27T13:13:03","guid":{"rendered":"https:\/\/eldiariodesanpedro.com.ar\/sitio\/?p=124180"},"modified":"2023-11-27T10:13:05","modified_gmt":"2023-11-27T13:13:05","slug":"declararon-culpables-a-los-policias-vinculados-al-caso-lopez-garcia","status":"publish","type":"post","link":"https:\/\/eldiariodesanpedro.com.ar\/sitio\/declararon-culpables-a-los-policias-vinculados-al-caso-lopez-garcia\/","title":{"rendered":"Declararon culpables a los polic\u00edas vinculados al caso \u00abL\u00f3pez Garc\u00eda\u00bb"},"content":{"rendered":"<!-- VideographyWP Plugin Message: Automatic video embedding prevented by plugin options. -->\n\n<p>El jurado compuesto por vecinos los hall\u00f3 responsables del delito de \u00abhomicidio en exceso del cumplimiento del deber\u201d. Podr\u00edan recibir hasta cinco a\u00f1os de prisi\u00f3n, la pena m\u00e1s leve de todas las posibilidades que exist\u00edan.<\/p>\n\n\n\n<p>Tras cuatro d\u00edas de intenso debate el jurado compuesto por vecinos hall\u00f3 culpables a los polic\u00edas Rodrigo Vel\u00e1zquez y Emanuel Gonz\u00e1lez del delito de \u00abhomicidio en exceso del cumplimiento del deber\u201d.<\/p>\n\n\n\n<p>Ambos estaban acusados de ser los responsables de la muerte de Germ\u00e1n L\u00f3pez Garc\u00eda, qui\u00e9n el domingo 2 de mayo de 2021 ingres\u00f3 a la guardia del hospital presentando distintos golpes presuntamente ocasionados por los polic\u00edas. El estado del hombre fue empeorando y el 27 de mayo falleci\u00f3.<\/p>\n\n\n\n<p>Tanto Vel\u00e1zquez como Gonz\u00e1lez siempre sostuvieron su inocencia y as\u00ed lo hizo pesar durante el debate la defensa a cargo del Dr. Hugo Lima como ya lo hab\u00eda hecho a lo largo de la instrucci\u00f3n.<\/p>\n\n\n\n<p>Es de destacar que la sanci\u00f3n aplicada es la m\u00e1s leves de todas las posibilidades que hab\u00eda ya que una vez confirmada la pena que les podr\u00eda caber es de entre tres y cinco a\u00f1os.<\/p>\n\n\n\n<p>El pr\u00f3ximo 11 de diciembre se desarrollar\u00e1 el juicio de cesura donde se definir\u00e1 la sanci\u00f3n que se les aplicar\u00e1 a los funcionarios de la Comisar\u00eda San Pedro.<\/p>\n\n\n\n<p>Es de destacar que los polic\u00edas contin\u00faan en libertad y solo ir\u00e1n a la c\u00e1rcel si la pena que se les aplica supera los tres a\u00f1os.<\/p>\n\n\n\n<p>En el mismo juicio tambi\u00e9n se evalu\u00f3 la situaci\u00f3n de los otros polic\u00edas, Salas y Romero, quienes fueron absueltos del delito de vejaciones contra uno de los hijos de la v\u00edctima.<\/p>\n\n\n\n<p>Foto: Diario El Norte<\/p>\n","protected":false},"excerpt":{"rendered":"<p>El jurado compuesto por vecinos los hall\u00f3 responsables del delito de \u00abhomicidio en exceso del cumplimiento del deber\u201d. Podr\u00edan recibir hasta cinco a\u00f1os de prisi\u00f3n, la pena m\u00e1s leve de todas las posibilidades que exist\u00edan. Tras cuatro d\u00edas de intenso debate el jurado compuesto por vecinos hall\u00f3 culpables a los polic\u00edas Rodrigo Vel\u00e1zquez y Emanuel [&hellip;]<\/p>\n","protected":false},"author":4,"featured_media":124181,"comment_status":"closed","ping_status":"closed","sticky":false,"template":"","format":"standard","meta":{"om_disable_all_campaigns":false,"_jetpack_memberships_contains_paid_content":false,"footnotes":""},"categories":[50,101,2],"tags":[197,33,19],"class_list":["post-124180","post","type-post","status-publish","format-standard","has-post-thumbnail","hentry","category-destacadas","category-interes-general-locales","category-locales","tag-buenos-aires","tag-locales","tag-san-pedro"],"aioseo_notices":[],"gutentor_comment":0,"jetpack_featured_media_url":"https:\/\/eldiariodesanpedro.com.ar\/sitio\/wp-content\/uploads\/2023\/11\/0000022341-resized-1920x1080-1.jpg","jetpack_shortlink":"https:\/\/wp.me\/p6RhLt-wiU","jetpack_sharing_enabled":true,"_links":{"self":[{"href":"https:\/\/eldiariodesanpedro.com.ar\/sitio\/wp-json\/wp\/v2\/posts\/124180","targetHints":{"allow":["GET"]}}],"collection":[{"href":"https:\/\/eldiariodesanpedro.com.ar\/sitio\/wp-json\/wp\/v2\/posts"}],"about":[{"href":"https:\/\/eldiariodesanpedro.com.ar\/sitio\/wp-json\/wp\/v2\/types\/post"}],"author":[{"embeddable":true,"href":"https:\/\/eldiariodesanpedro.com.ar\/sitio\/wp-json\/wp\/v2\/users\/4"}],"replies":[{"embeddable":true,"href":"https:\/\/eldiariodesanpedro.com.ar\/sitio\/wp-json\/wp\/v2\/comments?post=124180"}],"version-history":[{"count":1,"href":"https:\/\/eldiariodesanpedro.com.ar\/sitio\/wp-json\/wp\/v2\/posts\/124180\/revisions"}],"predecessor-version":[{"id":124182,"href":"https:\/\/eldiariodesanpedro.com.ar\/sitio\/wp-json\/wp\/v2\/posts\/124180\/revisions\/124182"}],"wp:featuredmedia":[{"embeddable":true,"href":"https:\/\/eldiariodesanpedro.com.ar\/sitio\/wp-json\/wp\/v2\/media\/124181"}],"wp:attachment":[{"href":"https:\/\/eldiariodesanpedro.com.ar\/sitio\/wp-json\/wp\/v2\/media?parent=124180"}],"wp:term":[{"taxonomy":"category","embeddable":true,"href":"https:\/\/eldiariodesanpedro.com.ar\/sitio\/wp-json\/wp\/v2\/categories?post=124180"},{"taxonomy":"post_tag","embeddable":true,"href":"https:\/\/eldiariodesanpedro.com.ar\/sitio\/wp-json\/wp\/v2\/tags?post=124180"}],"curies":[{"name":"wp","href":"https:\/\/api.w.org\/{rel}","templated":true}]}}