{"id":124176,"date":"2023-11-26T19:42:16","date_gmt":"2023-11-26T22:42:16","guid":{"rendered":"https:\/\/eldiariodesanpedro.com.ar\/sitio\/?p=124176"},"modified":"2023-11-26T19:43:10","modified_gmt":"2023-11-26T22:43:10","slug":"camioneta-impacto-contra-la-puerta-del-cajero-del-banco-nacion","status":"publish","type":"post","link":"https:\/\/eldiariodesanpedro.com.ar\/sitio\/camioneta-impacto-contra-la-puerta-del-cajero-del-banco-nacion\/","title":{"rendered":"Camioneta impact\u00f3 contra la puerta del cajero del banco Naci\u00f3n"},"content":{"rendered":"<!-- VideographyWP Plugin Message: Automatic video embedding prevented by plugin options. -->\n\n<p>La peligrosa maniobra se origin\u00f3 en plena tarde de este sabado, cuando milagrosamente nadie circulaba ni se encontraba en el lugar.<\/p>\n\n\n\n<p>Un incidente tan particular como peligroso se di\u00f3 en la tarde del s\u00e1bado en pleno centro de la ciudad.<\/p>\n\n\n\n<p>Sucedi\u00f3 cerca de las 18 horas cuando iba camioneta Toyota Hillux que era conducida por un joven y qui\u00e9n a la vez iba acomodado de otros fus adolescentes, circulaba por calle Pellegrini y tras atravesar el cruce con Honorio Pueyrred\u00f3n se subi\u00f3 sorpresivamente a la vereda impactando nada m\u00e1s y nada menos que cobres la puerta del cajero electr\u00f3nico del banco Naci\u00f3n.<\/p>\n\n\n\n<p>El incidente podr\u00eda haber sido mucho m\u00e1s grave pero milagrosamente en ese mismo instante no se encontraba ninguna persona aguardando ingresar al cajero, ni tampoco caminando por esa concurrida vereda. Eso s\u00ed, segundos antes de que se produjera el choque una mujer se retiraba del banco de a pie por la vereda, es decir que por una cuesti\u00f3n de segundos el destino podr\u00eda haber sido otro.<\/p>\n\n\n\n<p>El impacto da\u00f1o el marco de la puerta de ingreso adem\u00e1s de las roturas que sufri\u00f3 la camioneta.<\/p>\n","protected":false},"excerpt":{"rendered":"<p>La peligrosa maniobra se origin\u00f3 en plena tarde de este sabado, cuando milagrosamente nadie circulaba ni se encontraba en el lugar. Un incidente tan particular como peligroso se di\u00f3 en la tarde del s\u00e1bado en pleno centro de la ciudad. Sucedi\u00f3 cerca de las 18 horas cuando iba camioneta Toyota Hillux que era conducida por [&hellip;]<\/p>\n","protected":false},"author":4,"featured_media":124177,"comment_status":"closed","ping_status":"closed","sticky":false,"template":"","format":"standard","meta":{"om_disable_all_campaigns":false,"_jetpack_memberships_contains_paid_content":false,"footnotes":""},"categories":[50,2,103],"tags":[197,33,95,19],"class_list":["post-124176","post","type-post","status-publish","format-standard","has-post-thumbnail","hentry","category-destacadas","category-locales","category-policiales-locales","tag-buenos-aires","tag-locales","tag-policiales","tag-san-pedro"],"aioseo_notices":[],"gutentor_comment":0,"jetpack_featured_media_url":"https:\/\/eldiariodesanpedro.com.ar\/sitio\/wp-content\/uploads\/2023\/11\/0000022345-resized-1920x1080-1.jpg","jetpack_shortlink":"https:\/\/wp.me\/p6RhLt-wiQ","jetpack_sharing_enabled":true,"_links":{"self":[{"href":"https:\/\/eldiariodesanpedro.com.ar\/sitio\/wp-json\/wp\/v2\/posts\/124176","targetHints":{"allow":["GET"]}}],"collection":[{"href":"https:\/\/eldiariodesanpedro.com.ar\/sitio\/wp-json\/wp\/v2\/posts"}],"about":[{"href":"https:\/\/eldiariodesanpedro.com.ar\/sitio\/wp-json\/wp\/v2\/types\/post"}],"author":[{"embeddable":true,"href":"https:\/\/eldiariodesanpedro.com.ar\/sitio\/wp-json\/wp\/v2\/users\/4"}],"replies":[{"embeddable":true,"href":"https:\/\/eldiariodesanpedro.com.ar\/sitio\/wp-json\/wp\/v2\/comments?post=124176"}],"version-history":[{"count":2,"href":"https:\/\/eldiariodesanpedro.com.ar\/sitio\/wp-json\/wp\/v2\/posts\/124176\/revisions"}],"predecessor-version":[{"id":124179,"href":"https:\/\/eldiariodesanpedro.com.ar\/sitio\/wp-json\/wp\/v2\/posts\/124176\/revisions\/124179"}],"wp:featuredmedia":[{"embeddable":true,"href":"https:\/\/eldiariodesanpedro.com.ar\/sitio\/wp-json\/wp\/v2\/media\/124177"}],"wp:attachment":[{"href":"https:\/\/eldiariodesanpedro.com.ar\/sitio\/wp-json\/wp\/v2\/media?parent=124176"}],"wp:term":[{"taxonomy":"category","embeddable":true,"href":"https:\/\/eldiariodesanpedro.com.ar\/sitio\/wp-json\/wp\/v2\/categories?post=124176"},{"taxonomy":"post_tag","embeddable":true,"href":"https:\/\/eldiariodesanpedro.com.ar\/sitio\/wp-json\/wp\/v2\/tags?post=124176"}],"curies":[{"name":"wp","href":"https:\/\/api.w.org\/{rel}","templated":true}]}}