{"id":124174,"date":"2023-11-26T19:24:46","date_gmt":"2023-11-26T22:24:46","guid":{"rendered":"https:\/\/eldiariodesanpedro.com.ar\/sitio\/?p=124174"},"modified":"2023-11-26T19:24:48","modified_gmt":"2023-11-26T22:24:48","slug":"ubican-en-san-pedro-a-tres-menores-que-habian-escapado-de-un-hogar-de-san-nicolas","status":"publish","type":"post","link":"https:\/\/eldiariodesanpedro.com.ar\/sitio\/ubican-en-san-pedro-a-tres-menores-que-habian-escapado-de-un-hogar-de-san-nicolas\/","title":{"rendered":"Ubican en San Pedro a tres menores que hab\u00edan escapado de un hogar de San Nicol\u00e1s"},"content":{"rendered":"<!-- VideographyWP Plugin Message: Automatic video embedding prevented by plugin options. -->\n\n<p>Tienen entre 14 y 15 a\u00f1os y lograron huir cuando no ingresaron al establecimiento asignado del sistema educativo. Las menores se encuentran con sus familias.<\/p>\n\n\n\n<p>Por medio de distintos operativos personal policial perteneciente a la comisar\u00eda San Pedro y la Sub DDI San Pedro- Baradero se logr\u00f3 dar con tres menores de entre 14 y 15 a\u00f1os que el jueves por la tarde escaparon del hogar en el que se encontraban alojadas en la ciudad de San Nicol\u00e1s.<\/p>\n\n\n\n<p>Las mujeres oriundas de San Nicol\u00e1s, San Pedro y Campana se encontraban alojadas por distintas cuestiones judiciales en el hogar San Hip\u00f3lito en la vecina localidad y aprovecharon el horario de concurrencia al establecimiento educativo al que asisten para escapar hacia nuestra localidad.<\/p>\n\n\n\n<p>Se pudo establecer que las j\u00f3venes llegaron San Pedro a trav\u00e9s de un micro de larga distancia que abordaron en la vecina ciudad y llegaron a la terminal alrededor de las 15 horas del jueves.<\/p>\n\n\n\n<p>All\u00ed las menores tomaron distintos caminos hasta que con el correr de las horas pudieron ser ubicadas.<\/p>\n\n\n\n<p>La menor domiciliada en San Pedro se encontraba en su casa junto a su madre y hermanos, mientras tanto la joven oriunda de San Nicol\u00e1s fue hallada en la noche del jueves en inmediaciones de la bajada N\u00e9stor kirchner y San Mart\u00edn. Por su parte la joven restante se traslad\u00f3 desde San Pedro hasta Campana en donde se reencontr\u00f3 tambi\u00e9n con su familia.<\/p>\n\n\n\n<p>La causa est\u00e1 a cargo del fiscal Martin Mariezcurrena, y las menores atraviesan distintas situaciones que se encuentran judicializadas.<\/p>\n\n\n\n<p>M\u00e1s all\u00e1 de c\u00f3mo se dio esta situaci\u00f3n la polic\u00eda contin\u00faa con la investigaci\u00f3n para tratar de establecer qui\u00e9nes fueron las personas que recibieron a las j\u00f3venes y colaboraron para que se pudieran trasladar a distintos lugares.<\/p>\n","protected":false},"excerpt":{"rendered":"<p>Tienen entre 14 y 15 a\u00f1os y lograron huir cuando no ingresaron al establecimiento asignado del sistema educativo. Las menores se encuentran con sus familias. Por medio de distintos operativos personal policial perteneciente a la comisar\u00eda San Pedro y la Sub DDI San Pedro- Baradero se logr\u00f3 dar con tres menores de entre 14 y [&hellip;]<\/p>\n","protected":false},"author":4,"featured_media":103679,"comment_status":"closed","ping_status":"closed","sticky":false,"template":"","format":"standard","meta":{"om_disable_all_campaigns":false,"_jetpack_memberships_contains_paid_content":false,"footnotes":""},"categories":[50,2,103],"tags":[197,33,95,19],"class_list":["post-124174","post","type-post","status-publish","format-standard","has-post-thumbnail","hentry","category-destacadas","category-locales","category-policiales-locales","tag-buenos-aires","tag-locales","tag-policiales","tag-san-pedro"],"aioseo_notices":[],"gutentor_comment":0,"jetpack_featured_media_url":"https:\/\/eldiariodesanpedro.com.ar\/sitio\/wp-content\/uploads\/2022\/02\/comisaria_san_pedro.jpg","jetpack_shortlink":"https:\/\/wp.me\/p6RhLt-wiO","jetpack_sharing_enabled":true,"_links":{"self":[{"href":"https:\/\/eldiariodesanpedro.com.ar\/sitio\/wp-json\/wp\/v2\/posts\/124174","targetHints":{"allow":["GET"]}}],"collection":[{"href":"https:\/\/eldiariodesanpedro.com.ar\/sitio\/wp-json\/wp\/v2\/posts"}],"about":[{"href":"https:\/\/eldiariodesanpedro.com.ar\/sitio\/wp-json\/wp\/v2\/types\/post"}],"author":[{"embeddable":true,"href":"https:\/\/eldiariodesanpedro.com.ar\/sitio\/wp-json\/wp\/v2\/users\/4"}],"replies":[{"embeddable":true,"href":"https:\/\/eldiariodesanpedro.com.ar\/sitio\/wp-json\/wp\/v2\/comments?post=124174"}],"version-history":[{"count":1,"href":"https:\/\/eldiariodesanpedro.com.ar\/sitio\/wp-json\/wp\/v2\/posts\/124174\/revisions"}],"predecessor-version":[{"id":124175,"href":"https:\/\/eldiariodesanpedro.com.ar\/sitio\/wp-json\/wp\/v2\/posts\/124174\/revisions\/124175"}],"wp:featuredmedia":[{"embeddable":true,"href":"https:\/\/eldiariodesanpedro.com.ar\/sitio\/wp-json\/wp\/v2\/media\/103679"}],"wp:attachment":[{"href":"https:\/\/eldiariodesanpedro.com.ar\/sitio\/wp-json\/wp\/v2\/media?parent=124174"}],"wp:term":[{"taxonomy":"category","embeddable":true,"href":"https:\/\/eldiariodesanpedro.com.ar\/sitio\/wp-json\/wp\/v2\/categories?post=124174"},{"taxonomy":"post_tag","embeddable":true,"href":"https:\/\/eldiariodesanpedro.com.ar\/sitio\/wp-json\/wp\/v2\/tags?post=124174"}],"curies":[{"name":"wp","href":"https:\/\/api.w.org\/{rel}","templated":true}]}}