{"id":124172,"date":"2023-11-26T19:03:40","date_gmt":"2023-11-26T22:03:40","guid":{"rendered":"https:\/\/eldiariodesanpedro.com.ar\/sitio\/?p=124172"},"modified":"2023-11-26T19:03:42","modified_gmt":"2023-11-26T22:03:42","slug":"en-lo-que-va-de-2023-hubo-mas-femicidios-que-en-la-pandemia","status":"publish","type":"post","link":"https:\/\/eldiariodesanpedro.com.ar\/sitio\/en-lo-que-va-de-2023-hubo-mas-femicidios-que-en-la-pandemia\/","title":{"rendered":"En lo que va de 2023, hubo m\u00e1s femicidios que en la pandemia"},"content":{"rendered":"<!-- VideographyWP Plugin Message: Automatic video embedding prevented by plugin options. -->\n\n<p>En total, se registraron 282 femicidios que incluyen 28 femicidios vinculados, 4 personas trans, 7 suicidios feminicidas y 24 casos de muertes violentas.<\/p>\n\n\n\n<p>Un promedio de un femicidio cada 27 horas fue registrado hasta el 15 de noviembre de 2023 en Argentina, cifra que significa un aumento en los asesinatos de mujeres por razones de g\u00e9nero que incluso supera a la del 2020, a\u00f1o marcado por la pandemia del coronavirus, seg\u00fan un informe del Observatorio de Femicidios de la Defensor\u00eda del Pueblo de la Naci\u00f3n.<\/p>\n\n\n\n<p>En total, hasta el 15 de noviembre de este a\u00f1o se registraron 282 femicidios que incluyen 28 femicidios vinculados, 4 personas trans, 7 suicidios feminicidas y 24 casos de muertes violentas de mujeres en contexto de narcotr\u00e1fico y crimen organizado.<\/p>\n\n\n\n<p>Este observatorio fue el primer registro de femicidios de Argentina en incluir y desarrollar el concepto de suicidios feminicidas e insiste en visibilizarlos al se\u00f1alar que se producen cuando se comprueba que las mujeres se quitan la vida como consecuencia de los abusos sistem\u00e1ticos y la violencia de g\u00e9nero que sufrieron.<\/p>\n\n\n\n<p>Con un promedio de 1 femicidio cada 27 horas, el aumento en las cifras de asesinatos de mujeres por razones de g\u00e9nero \u00abes alarmante\u00bb, advirti\u00f3 el informe al remarcar que superaba incluso las cifras de 2020, a\u00f1o marcado por la pandemia, cuando el Observatorio contabiliz\u00f3 295 cr\u00edmenes en todo el a\u00f1o.<\/p>\n","protected":false},"excerpt":{"rendered":"<p>En total, se registraron 282 femicidios que incluyen 28 femicidios vinculados, 4 personas trans, 7 suicidios feminicidas y 24 casos de muertes violentas. Un promedio de un femicidio cada 27 horas fue registrado hasta el 15 de noviembre de 2023 en Argentina, cifra que significa un aumento en los asesinatos de mujeres por razones de [&hellip;]<\/p>\n","protected":false},"author":4,"featured_media":107636,"comment_status":"closed","ping_status":"closed","sticky":false,"template":"","format":"standard","meta":{"om_disable_all_campaigns":false,"_jetpack_memberships_contains_paid_content":false,"footnotes":""},"categories":[50,101,2],"tags":[197,696,33,19],"class_list":["post-124172","post","type-post","status-publish","format-standard","has-post-thumbnail","hentry","category-destacadas","category-interes-general-locales","category-locales","tag-buenos-aires","tag-interes-general","tag-locales","tag-san-pedro"],"aioseo_notices":[],"gutentor_comment":0,"jetpack_featured_media_url":"https:\/\/eldiariodesanpedro.com.ar\/sitio\/wp-content\/uploads\/2022\/06\/ni.una_.menos_.mujeres.feminismo-2-e1559655965149.jpg","jetpack_shortlink":"https:\/\/wp.me\/p6RhLt-wiM","jetpack_sharing_enabled":true,"_links":{"self":[{"href":"https:\/\/eldiariodesanpedro.com.ar\/sitio\/wp-json\/wp\/v2\/posts\/124172","targetHints":{"allow":["GET"]}}],"collection":[{"href":"https:\/\/eldiariodesanpedro.com.ar\/sitio\/wp-json\/wp\/v2\/posts"}],"about":[{"href":"https:\/\/eldiariodesanpedro.com.ar\/sitio\/wp-json\/wp\/v2\/types\/post"}],"author":[{"embeddable":true,"href":"https:\/\/eldiariodesanpedro.com.ar\/sitio\/wp-json\/wp\/v2\/users\/4"}],"replies":[{"embeddable":true,"href":"https:\/\/eldiariodesanpedro.com.ar\/sitio\/wp-json\/wp\/v2\/comments?post=124172"}],"version-history":[{"count":1,"href":"https:\/\/eldiariodesanpedro.com.ar\/sitio\/wp-json\/wp\/v2\/posts\/124172\/revisions"}],"predecessor-version":[{"id":124173,"href":"https:\/\/eldiariodesanpedro.com.ar\/sitio\/wp-json\/wp\/v2\/posts\/124172\/revisions\/124173"}],"wp:featuredmedia":[{"embeddable":true,"href":"https:\/\/eldiariodesanpedro.com.ar\/sitio\/wp-json\/wp\/v2\/media\/107636"}],"wp:attachment":[{"href":"https:\/\/eldiariodesanpedro.com.ar\/sitio\/wp-json\/wp\/v2\/media?parent=124172"}],"wp:term":[{"taxonomy":"category","embeddable":true,"href":"https:\/\/eldiariodesanpedro.com.ar\/sitio\/wp-json\/wp\/v2\/categories?post=124172"},{"taxonomy":"post_tag","embeddable":true,"href":"https:\/\/eldiariodesanpedro.com.ar\/sitio\/wp-json\/wp\/v2\/tags?post=124172"}],"curies":[{"name":"wp","href":"https:\/\/api.w.org\/{rel}","templated":true}]}}