{"id":124168,"date":"2023-11-24T22:36:51","date_gmt":"2023-11-25T01:36:51","guid":{"rendered":"https:\/\/eldiariodesanpedro.com.ar\/sitio\/?p=124168"},"modified":"2023-11-24T22:36:53","modified_gmt":"2023-11-25T01:36:53","slug":"edicto-de-sucesion-de-ventancour-leonidas-y-reynoso-rosa-isabel","status":"publish","type":"post","link":"https:\/\/eldiariodesanpedro.com.ar\/sitio\/edicto-de-sucesion-de-ventancour-leonidas-y-reynoso-rosa-isabel\/","title":{"rendered":"Edicto de sucesi\u00f3n de Ventancour Leonidas y Reynoso Rosa Isabel"},"content":{"rendered":"<!-- VideographyWP Plugin Message: Automatic video embedding prevented by plugin options. -->\n\n<p>El Juzgado de Paz Letrado de Baradero cita y emplaza por treinta d\u00edas a herederos y acreedores de <strong>Ventancour Leonidas y Reynoso Rosa Isabel<\/strong>.- Baradero, 24 de noviembre de 2023.-<\/p>\n\n\n\n<p>ESTEBAN OMAR PERUSINA<br>ABOGADO SECRETARIO<\/p>\n\n\n\n<p>(Publicaci\u00f3n V\u00e1lida los d\u00edas 24, 25 Y 26 de noviembre de 2023)<br><a href=\"https:\/\/notificaciones.scba.gov.ar\/verificarnotificacion.aspx?codNotif=9ZE4EJ843AD4\">https:\/\/notificaciones.scba.gov.ar\/verificarnotificacion.aspx?codNotif=9ZE4EJ843AD4<\/a><\/p>\n","protected":false},"excerpt":{"rendered":"<p>El Juzgado de Paz Letrado de Baradero cita y emplaza por treinta d\u00edas a herederos y acreedores de Ventancour Leonidas y Reynoso Rosa Isabel.- Baradero, 24 de noviembre de 2023.- ESTEBAN OMAR PERUSINAABOGADO SECRETARIO (Publicaci\u00f3n V\u00e1lida los d\u00edas 24, 25 Y 26 de noviembre de 2023)https:\/\/notificaciones.scba.gov.ar\/verificarnotificacion.aspx?codNotif=9ZE4EJ843AD4<\/p>\n","protected":false},"author":4,"featured_media":102746,"comment_status":"closed","ping_status":"closed","sticky":false,"template":"","format":"standard","meta":{"om_disable_all_campaigns":false,"_jetpack_memberships_contains_paid_content":false,"footnotes":""},"categories":[676,677],"tags":[4613],"class_list":["post-124168","post","type-post","status-publish","format-standard","has-post-thumbnail","hentry","category-edictos","category-edictos-sucesorios","tag-edicto-de-sucesion-de-ventancour-leonidas-y-reynoso-rosa-isabel"],"aioseo_notices":[],"gutentor_comment":0,"jetpack_featured_media_url":"https:\/\/eldiariodesanpedro.com.ar\/sitio\/wp-content\/uploads\/2022\/01\/EDICTO.jpg","jetpack_shortlink":"https:\/\/wp.me\/p6RhLt-wiI","jetpack_sharing_enabled":true,"_links":{"self":[{"href":"https:\/\/eldiariodesanpedro.com.ar\/sitio\/wp-json\/wp\/v2\/posts\/124168","targetHints":{"allow":["GET"]}}],"collection":[{"href":"https:\/\/eldiariodesanpedro.com.ar\/sitio\/wp-json\/wp\/v2\/posts"}],"about":[{"href":"https:\/\/eldiariodesanpedro.com.ar\/sitio\/wp-json\/wp\/v2\/types\/post"}],"author":[{"embeddable":true,"href":"https:\/\/eldiariodesanpedro.com.ar\/sitio\/wp-json\/wp\/v2\/users\/4"}],"replies":[{"embeddable":true,"href":"https:\/\/eldiariodesanpedro.com.ar\/sitio\/wp-json\/wp\/v2\/comments?post=124168"}],"version-history":[{"count":1,"href":"https:\/\/eldiariodesanpedro.com.ar\/sitio\/wp-json\/wp\/v2\/posts\/124168\/revisions"}],"predecessor-version":[{"id":124169,"href":"https:\/\/eldiariodesanpedro.com.ar\/sitio\/wp-json\/wp\/v2\/posts\/124168\/revisions\/124169"}],"wp:featuredmedia":[{"embeddable":true,"href":"https:\/\/eldiariodesanpedro.com.ar\/sitio\/wp-json\/wp\/v2\/media\/102746"}],"wp:attachment":[{"href":"https:\/\/eldiariodesanpedro.com.ar\/sitio\/wp-json\/wp\/v2\/media?parent=124168"}],"wp:term":[{"taxonomy":"category","embeddable":true,"href":"https:\/\/eldiariodesanpedro.com.ar\/sitio\/wp-json\/wp\/v2\/categories?post=124168"},{"taxonomy":"post_tag","embeddable":true,"href":"https:\/\/eldiariodesanpedro.com.ar\/sitio\/wp-json\/wp\/v2\/tags?post=124168"}],"curies":[{"name":"wp","href":"https:\/\/api.w.org\/{rel}","templated":true}]}}