{"id":124160,"date":"2023-11-24T14:37:33","date_gmt":"2023-11-24T17:37:33","guid":{"rendered":"https:\/\/eldiariodesanpedro.com.ar\/sitio\/?p=124160"},"modified":"2023-11-24T14:37:35","modified_gmt":"2023-11-24T17:37:35","slug":"aumento-del-100-en-el-boleto-de-colectivos-607-pesos-a-castro-y-santa-lucia-y-560-a-rio-tala","status":"publish","type":"post","link":"https:\/\/eldiariodesanpedro.com.ar\/sitio\/aumento-del-100-en-el-boleto-de-colectivos-607-pesos-a-castro-y-santa-lucia-y-560-a-rio-tala\/","title":{"rendered":"Aumento del 100% en el boleto de colectivos: 607 pesos a Castro y Santa Luc\u00eda, y 560 a R\u00edo Tala"},"content":{"rendered":"<!-- VideographyWP Plugin Message: Automatic video embedding prevented by plugin options. -->\n\n<p>El Departamento Ejecutivo Municipal ha remitido al Concejo Deliberante un proyecto de ordenanza relacionado con la readaptaci\u00f3n de las tarifas del transporte p\u00fablico de pasajeros en San Pedro. Aunque la empresa Vercelli Hermanos, responsable del servicio, hab\u00eda calculado un aumento del 175.69% mediante una f\u00f3rmula polin\u00f3mica, el proyecto respaldado por el Intendente Cecilio Salazar establece un l\u00edmite del 100% para dicho incremento.<\/p>\n\n\n\n<p>El Ejecutivo argumenta que, al analizar la situaci\u00f3n social y la incertidumbre generada por el cambio de gobierno, as\u00ed como la coyuntura de la empresa, se llevar\u00e1 a cabo una revisi\u00f3n adicional de la situaci\u00f3n tarifaria en marzo de 2024. En consecuencia, a partir del 1 de diciembre, la tarifa del boleto de colectivos ser\u00e1 de 607 pesos para Gobernador Castro y Santa Luc\u00eda, 509 pesos para R\u00edo Tala y 560 pesos para Vuelta de Obligado.<\/p>\n","protected":false},"excerpt":{"rendered":"<p>El Departamento Ejecutivo Municipal ha remitido al Concejo Deliberante un proyecto de ordenanza relacionado con la readaptaci\u00f3n de las tarifas del transporte p\u00fablico de pasajeros en San Pedro. Aunque la empresa Vercelli Hermanos, responsable del servicio, hab\u00eda calculado un aumento del 175.69% mediante una f\u00f3rmula polin\u00f3mica, el proyecto respaldado por el Intendente Cecilio Salazar establece [&hellip;]<\/p>\n","protected":false},"author":4,"featured_media":3996,"comment_status":"closed","ping_status":"closed","sticky":false,"template":"","format":"standard","meta":{"om_disable_all_campaigns":false,"_jetpack_memberships_contains_paid_content":false,"footnotes":""},"categories":[101,2],"tags":[197,696,33,19],"class_list":["post-124160","post","type-post","status-publish","format-standard","has-post-thumbnail","hentry","category-interes-general-locales","category-locales","tag-buenos-aires","tag-interes-general","tag-locales","tag-san-pedro"],"aioseo_notices":[],"gutentor_comment":0,"jetpack_featured_media_url":"https:\/\/eldiariodesanpedro.com.ar\/sitio\/wp-content\/uploads\/2016\/05\/verselli-1.jpg","jetpack_shortlink":"https:\/\/wp.me\/p6RhLt-wiA","jetpack_sharing_enabled":true,"_links":{"self":[{"href":"https:\/\/eldiariodesanpedro.com.ar\/sitio\/wp-json\/wp\/v2\/posts\/124160","targetHints":{"allow":["GET"]}}],"collection":[{"href":"https:\/\/eldiariodesanpedro.com.ar\/sitio\/wp-json\/wp\/v2\/posts"}],"about":[{"href":"https:\/\/eldiariodesanpedro.com.ar\/sitio\/wp-json\/wp\/v2\/types\/post"}],"author":[{"embeddable":true,"href":"https:\/\/eldiariodesanpedro.com.ar\/sitio\/wp-json\/wp\/v2\/users\/4"}],"replies":[{"embeddable":true,"href":"https:\/\/eldiariodesanpedro.com.ar\/sitio\/wp-json\/wp\/v2\/comments?post=124160"}],"version-history":[{"count":1,"href":"https:\/\/eldiariodesanpedro.com.ar\/sitio\/wp-json\/wp\/v2\/posts\/124160\/revisions"}],"predecessor-version":[{"id":124161,"href":"https:\/\/eldiariodesanpedro.com.ar\/sitio\/wp-json\/wp\/v2\/posts\/124160\/revisions\/124161"}],"wp:featuredmedia":[{"embeddable":true,"href":"https:\/\/eldiariodesanpedro.com.ar\/sitio\/wp-json\/wp\/v2\/media\/3996"}],"wp:attachment":[{"href":"https:\/\/eldiariodesanpedro.com.ar\/sitio\/wp-json\/wp\/v2\/media?parent=124160"}],"wp:term":[{"taxonomy":"category","embeddable":true,"href":"https:\/\/eldiariodesanpedro.com.ar\/sitio\/wp-json\/wp\/v2\/categories?post=124160"},{"taxonomy":"post_tag","embeddable":true,"href":"https:\/\/eldiariodesanpedro.com.ar\/sitio\/wp-json\/wp\/v2\/tags?post=124160"}],"curies":[{"name":"wp","href":"https:\/\/api.w.org\/{rel}","templated":true}]}}