{"id":124157,"date":"2023-11-24T14:20:40","date_gmt":"2023-11-24T17:20:40","guid":{"rendered":"https:\/\/eldiariodesanpedro.com.ar\/sitio\/?p=124157"},"modified":"2023-11-24T14:20:42","modified_gmt":"2023-11-24T17:20:42","slug":"comenzo-el-juicio-por-jurado-contra-policias-acusados-del-asesinato-de-german-lopez-garcia","status":"publish","type":"post","link":"https:\/\/eldiariodesanpedro.com.ar\/sitio\/comenzo-el-juicio-por-jurado-contra-policias-acusados-del-asesinato-de-german-lopez-garcia\/","title":{"rendered":"Comenz\u00f3 el juicio por jurado contra polic\u00edas acusados del asesinato de Germ\u00e1n L\u00f3pez Garc\u00eda"},"content":{"rendered":"<!-- VideographyWP Plugin Message: Automatic video embedding prevented by plugin options. -->\n\n<p>Un jurado popular inici\u00f3 el mi\u00e9rcoles la evaluaci\u00f3n de la responsabilidad de dos agentes de polic\u00eda acusados de homicidio agravado en el caso de Germ\u00e1n L\u00f3pez Garc\u00eda, residente de San Pedro, y otros dos agentes acusados de lesiones agravadas. La intervenci\u00f3n de los polic\u00edas en una presunta situaci\u00f3n de violencia familiar result\u00f3 en actos de brutalidad, dejando al hombre hospitalizado y ocasionando su fallecimiento. Sus acciones tambi\u00e9n constituyen delitos de vejaciones, severidades y apremios ilegales.<\/p>\n\n\n\n<p>Tras la audiencia preliminar, el Tribunal en lo Criminal N\u00b0 2 de San Nicol\u00e1s est\u00e1 dirigiendo el debate oral, y se espera que el jurado alcance un veredicto para el viernes. La Comisi\u00f3n Provincial por la Memoria est\u00e1 actuando como particular damnificado institucional en su calidad de Mecanismo Local de Prevenci\u00f3n de la Tortura.<\/p>\n\n\n\n<p>El incidente que condujo a la muerte de L\u00f3pez Garc\u00eda ocurri\u00f3 el 2 de mayo de 2021, cuando un llamado al SAME solicit\u00f3 asistencia m\u00e9dica para la pareja del fallecido. La demora en la llegada de la ambulancia y la intervenci\u00f3n de un patrullero, alertado sobre un presunto caso de violencia de g\u00e9nero (negado por la familia), complicaron la situaci\u00f3n.<\/p>\n\n\n\n<p>Familiares y amigos, demandando justicia en manifestaciones, alegaron que los polic\u00edas agredieron inicialmente al hijo de L\u00f3pez Garc\u00eda y que su intervenci\u00f3n desencaden\u00f3 un incidente m\u00e1s grave. Con lesiones graves, fue ingresado y sometido a siete operaciones en el Hospital, confirmando la familia que uno de los golpes provoc\u00f3 una infecci\u00f3n generalizada que result\u00f3 en su fallecimiento el 27 de mayo.<\/p>\n\n\n\n<p>Los agentes policiales Emanuel Gonz\u00e1lez y Rodrigo Vel\u00e1zquez enfrentar\u00e1n juicio por homicidio agravado, mientras que Miguel Sebasti\u00e1n Romero y Carlos Nicol\u00e1s Sala lo har\u00e1n por el delito de lesiones leves agravadas.<\/p>\n","protected":false},"excerpt":{"rendered":"<p>Un jurado popular inici\u00f3 el mi\u00e9rcoles la evaluaci\u00f3n de la responsabilidad de dos agentes de polic\u00eda acusados de homicidio agravado en el caso de Germ\u00e1n L\u00f3pez Garc\u00eda, residente de San Pedro, y otros dos agentes acusados de lesiones agravadas. La intervenci\u00f3n de los polic\u00edas en una presunta situaci\u00f3n de violencia familiar result\u00f3 en actos de [&hellip;]<\/p>\n","protected":false},"author":4,"featured_media":124158,"comment_status":"closed","ping_status":"closed","sticky":false,"template":"","format":"standard","meta":{"om_disable_all_campaigns":false,"_jetpack_memberships_contains_paid_content":false,"footnotes":""},"categories":[50,101,2],"tags":[],"class_list":["post-124157","post","type-post","status-publish","format-standard","has-post-thumbnail","hentry","category-destacadas","category-interes-general-locales","category-locales"],"aioseo_notices":[],"gutentor_comment":0,"jetpack_featured_media_url":"https:\/\/eldiariodesanpedro.com.ar\/sitio\/wp-content\/uploads\/2023\/11\/German-Lopez-Garcia.jpg","jetpack_shortlink":"https:\/\/wp.me\/p6RhLt-wix","jetpack_sharing_enabled":true,"_links":{"self":[{"href":"https:\/\/eldiariodesanpedro.com.ar\/sitio\/wp-json\/wp\/v2\/posts\/124157","targetHints":{"allow":["GET"]}}],"collection":[{"href":"https:\/\/eldiariodesanpedro.com.ar\/sitio\/wp-json\/wp\/v2\/posts"}],"about":[{"href":"https:\/\/eldiariodesanpedro.com.ar\/sitio\/wp-json\/wp\/v2\/types\/post"}],"author":[{"embeddable":true,"href":"https:\/\/eldiariodesanpedro.com.ar\/sitio\/wp-json\/wp\/v2\/users\/4"}],"replies":[{"embeddable":true,"href":"https:\/\/eldiariodesanpedro.com.ar\/sitio\/wp-json\/wp\/v2\/comments?post=124157"}],"version-history":[{"count":1,"href":"https:\/\/eldiariodesanpedro.com.ar\/sitio\/wp-json\/wp\/v2\/posts\/124157\/revisions"}],"predecessor-version":[{"id":124159,"href":"https:\/\/eldiariodesanpedro.com.ar\/sitio\/wp-json\/wp\/v2\/posts\/124157\/revisions\/124159"}],"wp:featuredmedia":[{"embeddable":true,"href":"https:\/\/eldiariodesanpedro.com.ar\/sitio\/wp-json\/wp\/v2\/media\/124158"}],"wp:attachment":[{"href":"https:\/\/eldiariodesanpedro.com.ar\/sitio\/wp-json\/wp\/v2\/media?parent=124157"}],"wp:term":[{"taxonomy":"category","embeddable":true,"href":"https:\/\/eldiariodesanpedro.com.ar\/sitio\/wp-json\/wp\/v2\/categories?post=124157"},{"taxonomy":"post_tag","embeddable":true,"href":"https:\/\/eldiariodesanpedro.com.ar\/sitio\/wp-json\/wp\/v2\/tags?post=124157"}],"curies":[{"name":"wp","href":"https:\/\/api.w.org\/{rel}","templated":true}]}}