{"id":124155,"date":"2023-11-24T13:02:07","date_gmt":"2023-11-24T16:02:07","guid":{"rendered":"https:\/\/eldiariodesanpedro.com.ar\/sitio\/?p=124155"},"modified":"2023-11-24T13:02:10","modified_gmt":"2023-11-24T16:02:10","slug":"obra-publica-0-calculan-que-habria-mas-de-300-despidos-en-nuestra-ciudad-de-las-empresas-constructoras","status":"publish","type":"post","link":"https:\/\/eldiariodesanpedro.com.ar\/sitio\/obra-publica-0-calculan-que-habria-mas-de-300-despidos-en-nuestra-ciudad-de-las-empresas-constructoras\/","title":{"rendered":"Obra Publica 0: Calculan que habr\u00eda mas de 300 despidos en nuestra ciudad de las empresas constructoras"},"content":{"rendered":"<!-- VideographyWP Plugin Message: Automatic video embedding prevented by plugin options. -->\n\n<p>Dirigentes de la Uni\u00f3n Obrera de la Construcci\u00f3n de la Rep\u00fablica Argentina en toda la regi\u00f3n llevaron a cabo un plenario para evaluar el impacto del reciente anuncio del Presidente Electo Javier Milei sobre la pol\u00edtica de \u00abObra P\u00fablica 0\u00bb. Simult\u00e1neamente, la C\u00e1mara Argentina de la Construcci\u00f3n hab\u00eda informado previamente que ya se estaban enviando comunicados de despidos.<\/p>\n\n\n\n<p>Seg\u00fan Horacio Azzoni, l\u00edder de UOCRA en San Pedro, la situaci\u00f3n es preocupante, ya que muchos trabajadores enfrentar\u00e1n el 10 de diciembre con proyectos detenidos y notificaciones de despido. Azzoni destac\u00f3 la dificultad de expresar descontento hacia las empresas, ya que la falta de certificaci\u00f3n impide el cobro. Adem\u00e1s, resalt\u00f3 la importancia de estas obras para la comunidad, subrayando que quedar\u00e1n sin realizarse.<\/p>\n\n\n\n<p>El dirigente se\u00f1al\u00f3 que proyectos significativos, como la Escuela T\u00e9cnica Profesional, las 84 viviendas y la Termoel\u00e9ctrica San Pedro, est\u00e1n siendo afectados. La Termoel\u00e9ctrica, en particular, ten\u00eda previsto generar 300 empleos y depend\u00eda de fondos nacionales. Azzoni advirti\u00f3 sobre el impacto m\u00e1s amplio en la econom\u00eda local, mencionando que empresas est\u00e1n empezando a abandonar las ciudades.<\/p>\n\n\n\n<p>En referencia al plenario realizado para evaluar el impacto, Azzoni comparti\u00f3 que en San Pedro se anticipa que m\u00e1s de 300 trabajadores quedar\u00e1n desempleados en diciembre. Adem\u00e1s, se\u00f1al\u00f3 que la empresa PREAR tambi\u00e9n est\u00e1 reduciendo su personal debido a la disminuci\u00f3n de la producci\u00f3n de durmientes para trenes.<\/p>\n\n\n\n<p>Azzoni concluy\u00f3 destacando la importancia de la construcci\u00f3n para la econom\u00eda de ciudades y provincias, argumentando que el gasto de los trabajadores beneficia directamente a la misma comunidad.<\/p>\n","protected":false},"excerpt":{"rendered":"<p>Dirigentes de la Uni\u00f3n Obrera de la Construcci\u00f3n de la Rep\u00fablica Argentina en toda la regi\u00f3n llevaron a cabo un plenario para evaluar el impacto del reciente anuncio del Presidente Electo Javier Milei sobre la pol\u00edtica de \u00abObra P\u00fablica 0\u00bb. Simult\u00e1neamente, la C\u00e1mara Argentina de la Construcci\u00f3n hab\u00eda informado previamente que ya se estaban enviando [&hellip;]<\/p>\n","protected":false},"author":4,"featured_media":81377,"comment_status":"closed","ping_status":"closed","sticky":false,"template":"","format":"standard","meta":{"om_disable_all_campaigns":false,"_jetpack_memberships_contains_paid_content":false,"footnotes":""},"categories":[50,101,2],"tags":[197,696,33,19],"class_list":["post-124155","post","type-post","status-publish","format-standard","has-post-thumbnail","hentry","category-destacadas","category-interes-general-locales","category-locales","tag-buenos-aires","tag-interes-general","tag-locales","tag-san-pedro"],"aioseo_notices":[],"gutentor_comment":0,"jetpack_featured_media_url":"https:\/\/eldiariodesanpedro.com.ar\/sitio\/wp-content\/uploads\/2020\/09\/000087172.jpg","jetpack_shortlink":"https:\/\/wp.me\/p6RhLt-wiv","jetpack_sharing_enabled":true,"_links":{"self":[{"href":"https:\/\/eldiariodesanpedro.com.ar\/sitio\/wp-json\/wp\/v2\/posts\/124155","targetHints":{"allow":["GET"]}}],"collection":[{"href":"https:\/\/eldiariodesanpedro.com.ar\/sitio\/wp-json\/wp\/v2\/posts"}],"about":[{"href":"https:\/\/eldiariodesanpedro.com.ar\/sitio\/wp-json\/wp\/v2\/types\/post"}],"author":[{"embeddable":true,"href":"https:\/\/eldiariodesanpedro.com.ar\/sitio\/wp-json\/wp\/v2\/users\/4"}],"replies":[{"embeddable":true,"href":"https:\/\/eldiariodesanpedro.com.ar\/sitio\/wp-json\/wp\/v2\/comments?post=124155"}],"version-history":[{"count":1,"href":"https:\/\/eldiariodesanpedro.com.ar\/sitio\/wp-json\/wp\/v2\/posts\/124155\/revisions"}],"predecessor-version":[{"id":124156,"href":"https:\/\/eldiariodesanpedro.com.ar\/sitio\/wp-json\/wp\/v2\/posts\/124155\/revisions\/124156"}],"wp:featuredmedia":[{"embeddable":true,"href":"https:\/\/eldiariodesanpedro.com.ar\/sitio\/wp-json\/wp\/v2\/media\/81377"}],"wp:attachment":[{"href":"https:\/\/eldiariodesanpedro.com.ar\/sitio\/wp-json\/wp\/v2\/media?parent=124155"}],"wp:term":[{"taxonomy":"category","embeddable":true,"href":"https:\/\/eldiariodesanpedro.com.ar\/sitio\/wp-json\/wp\/v2\/categories?post=124155"},{"taxonomy":"post_tag","embeddable":true,"href":"https:\/\/eldiariodesanpedro.com.ar\/sitio\/wp-json\/wp\/v2\/tags?post=124155"}],"curies":[{"name":"wp","href":"https:\/\/api.w.org\/{rel}","templated":true}]}}