{"id":124148,"date":"2023-11-24T11:01:26","date_gmt":"2023-11-24T14:01:26","guid":{"rendered":"https:\/\/eldiariodesanpedro.com.ar\/sitio\/?p=124148"},"modified":"2023-11-24T11:01:28","modified_gmt":"2023-11-24T14:01:28","slug":"choque-entre-una-motocicleta-y-un-automovil-con-una-persona-herida-2","status":"publish","type":"post","link":"https:\/\/eldiariodesanpedro.com.ar\/sitio\/choque-entre-una-motocicleta-y-un-automovil-con-una-persona-herida-2\/","title":{"rendered":"Choque entre una motocicleta y un autom\u00f3vil con una persona herida"},"content":{"rendered":"<!-- VideographyWP Plugin Message: Automatic video embedding prevented by plugin options. -->\n\n<p>Este jueves alrededor de las 16.00 hs. se comisiona el personal policial a&nbsp; calle Chacabuco y Sgto Selada, donde por razones que se tratan de establecer colisionan una motocicleta y un autom\u00f3vil.<\/p>\n\n\n\n<p>La motocicleta conducida por masculino mayor de edad, result\u00f3 con lesiones de car\u00e1cter leves y el autom\u00f3vil conducido por femenina, misma result\u00f3 ilesa.-<\/p>\n","protected":false},"excerpt":{"rendered":"<p>Este jueves alrededor de las 16.00 hs. se comisiona el personal policial a&nbsp; calle Chacabuco y Sgto Selada, donde por razones que se tratan de establecer colisionan una motocicleta y un autom\u00f3vil. La motocicleta conducida por masculino mayor de edad, result\u00f3 con lesiones de car\u00e1cter leves y el autom\u00f3vil conducido por femenina, misma result\u00f3 ilesa.-<\/p>\n","protected":false},"author":4,"featured_media":124149,"comment_status":"closed","ping_status":"closed","sticky":false,"template":"","format":"standard","meta":{"om_disable_all_campaigns":false,"_jetpack_memberships_contains_paid_content":false,"footnotes":""},"categories":[2,103],"tags":[197,33,95,19],"class_list":["post-124148","post","type-post","status-publish","format-standard","has-post-thumbnail","hentry","category-locales","category-policiales-locales","tag-buenos-aires","tag-locales","tag-policiales","tag-san-pedro"],"aioseo_notices":[],"gutentor_comment":0,"jetpack_featured_media_url":"https:\/\/eldiariodesanpedro.com.ar\/sitio\/wp-content\/uploads\/2023\/11\/medida-31.png","jetpack_shortlink":"https:\/\/wp.me\/p6RhLt-wio","jetpack_sharing_enabled":true,"_links":{"self":[{"href":"https:\/\/eldiariodesanpedro.com.ar\/sitio\/wp-json\/wp\/v2\/posts\/124148","targetHints":{"allow":["GET"]}}],"collection":[{"href":"https:\/\/eldiariodesanpedro.com.ar\/sitio\/wp-json\/wp\/v2\/posts"}],"about":[{"href":"https:\/\/eldiariodesanpedro.com.ar\/sitio\/wp-json\/wp\/v2\/types\/post"}],"author":[{"embeddable":true,"href":"https:\/\/eldiariodesanpedro.com.ar\/sitio\/wp-json\/wp\/v2\/users\/4"}],"replies":[{"embeddable":true,"href":"https:\/\/eldiariodesanpedro.com.ar\/sitio\/wp-json\/wp\/v2\/comments?post=124148"}],"version-history":[{"count":1,"href":"https:\/\/eldiariodesanpedro.com.ar\/sitio\/wp-json\/wp\/v2\/posts\/124148\/revisions"}],"predecessor-version":[{"id":124150,"href":"https:\/\/eldiariodesanpedro.com.ar\/sitio\/wp-json\/wp\/v2\/posts\/124148\/revisions\/124150"}],"wp:featuredmedia":[{"embeddable":true,"href":"https:\/\/eldiariodesanpedro.com.ar\/sitio\/wp-json\/wp\/v2\/media\/124149"}],"wp:attachment":[{"href":"https:\/\/eldiariodesanpedro.com.ar\/sitio\/wp-json\/wp\/v2\/media?parent=124148"}],"wp:term":[{"taxonomy":"category","embeddable":true,"href":"https:\/\/eldiariodesanpedro.com.ar\/sitio\/wp-json\/wp\/v2\/categories?post=124148"},{"taxonomy":"post_tag","embeddable":true,"href":"https:\/\/eldiariodesanpedro.com.ar\/sitio\/wp-json\/wp\/v2\/tags?post=124148"}],"curies":[{"name":"wp","href":"https:\/\/api.w.org\/{rel}","templated":true}]}}