{"id":124145,"date":"2023-11-24T10:48:46","date_gmt":"2023-11-24T13:48:46","guid":{"rendered":"https:\/\/eldiariodesanpedro.com.ar\/sitio\/?p=124145"},"modified":"2023-11-24T10:48:49","modified_gmt":"2023-11-24T13:48:49","slug":"aprehenden-a-un-delincuente-en-infraganti-cuando-ingreso-en-una-vivienda","status":"publish","type":"post","link":"https:\/\/eldiariodesanpedro.com.ar\/sitio\/aprehenden-a-un-delincuente-en-infraganti-cuando-ingreso-en-una-vivienda\/","title":{"rendered":"Aprehenden a un delincuente en infraganti cuando ingreso en una vivienda"},"content":{"rendered":"<!-- VideographyWP Plugin Message: Automatic video embedding prevented by plugin options. -->\n\n<p>Este jueves el personal policial de la comisar\u00eda local que se encontraba en recorrida se hace presente en calle Auli al 1200 donde aprehende infraganti a masculino mayor de edad quien hab\u00eda ingresado al domicilio de una ciudadana mayor de edad propietaria quien solicit\u00f3 auxilio. <\/p>\n\n\n\n<p>Comunicaci\u00f3n UFI 7 dispuso notificaci\u00f3n y posterior libertad.-<\/p>\n","protected":false},"excerpt":{"rendered":"<p>Este jueves el personal policial de la comisar\u00eda local que se encontraba en recorrida se hace presente en calle Auli al 1200 donde aprehende infraganti a masculino mayor de edad quien hab\u00eda ingresado al domicilio de una ciudadana mayor de edad propietaria quien solicit\u00f3 auxilio. Comunicaci\u00f3n UFI 7 dispuso notificaci\u00f3n y posterior libertad.-<\/p>\n","protected":false},"author":4,"featured_media":124146,"comment_status":"closed","ping_status":"closed","sticky":false,"template":"","format":"standard","meta":{"om_disable_all_campaigns":false,"_jetpack_memberships_contains_paid_content":false,"footnotes":""},"categories":[2,103],"tags":[197,33,95,19],"class_list":["post-124145","post","type-post","status-publish","format-standard","has-post-thumbnail","hentry","category-locales","category-policiales-locales","tag-buenos-aires","tag-locales","tag-policiales","tag-san-pedro"],"aioseo_notices":[],"gutentor_comment":0,"jetpack_featured_media_url":"https:\/\/eldiariodesanpedro.com.ar\/sitio\/wp-content\/uploads\/2023\/11\/medida-30.png","jetpack_shortlink":"https:\/\/wp.me\/p6RhLt-wil","jetpack_sharing_enabled":true,"_links":{"self":[{"href":"https:\/\/eldiariodesanpedro.com.ar\/sitio\/wp-json\/wp\/v2\/posts\/124145","targetHints":{"allow":["GET"]}}],"collection":[{"href":"https:\/\/eldiariodesanpedro.com.ar\/sitio\/wp-json\/wp\/v2\/posts"}],"about":[{"href":"https:\/\/eldiariodesanpedro.com.ar\/sitio\/wp-json\/wp\/v2\/types\/post"}],"author":[{"embeddable":true,"href":"https:\/\/eldiariodesanpedro.com.ar\/sitio\/wp-json\/wp\/v2\/users\/4"}],"replies":[{"embeddable":true,"href":"https:\/\/eldiariodesanpedro.com.ar\/sitio\/wp-json\/wp\/v2\/comments?post=124145"}],"version-history":[{"count":1,"href":"https:\/\/eldiariodesanpedro.com.ar\/sitio\/wp-json\/wp\/v2\/posts\/124145\/revisions"}],"predecessor-version":[{"id":124147,"href":"https:\/\/eldiariodesanpedro.com.ar\/sitio\/wp-json\/wp\/v2\/posts\/124145\/revisions\/124147"}],"wp:featuredmedia":[{"embeddable":true,"href":"https:\/\/eldiariodesanpedro.com.ar\/sitio\/wp-json\/wp\/v2\/media\/124146"}],"wp:attachment":[{"href":"https:\/\/eldiariodesanpedro.com.ar\/sitio\/wp-json\/wp\/v2\/media?parent=124145"}],"wp:term":[{"taxonomy":"category","embeddable":true,"href":"https:\/\/eldiariodesanpedro.com.ar\/sitio\/wp-json\/wp\/v2\/categories?post=124145"},{"taxonomy":"post_tag","embeddable":true,"href":"https:\/\/eldiariodesanpedro.com.ar\/sitio\/wp-json\/wp\/v2\/tags?post=124145"}],"curies":[{"name":"wp","href":"https:\/\/api.w.org\/{rel}","templated":true}]}}