{"id":124142,"date":"2023-11-24T10:35:21","date_gmt":"2023-11-24T13:35:21","guid":{"rendered":"https:\/\/eldiariodesanpedro.com.ar\/sitio\/?p=124142"},"modified":"2023-11-24T10:35:23","modified_gmt":"2023-11-24T13:35:23","slug":"un-delincuente-que-robo-en-una-vivienda-fue-aprehendido-rapidamente","status":"publish","type":"post","link":"https:\/\/eldiariodesanpedro.com.ar\/sitio\/un-delincuente-que-robo-en-una-vivienda-fue-aprehendido-rapidamente\/","title":{"rendered":"Un delincuente que robo en una vivienda fue aprehendido r\u00e1pidamente"},"content":{"rendered":"<!-- VideographyWP Plugin Message: Automatic video embedding prevented by plugin options. -->\n\n<p>Ayer, el personal policial respondi\u00f3 a un llamado en la zona de Ansaloni y Alvarado, donde aprehendieron a un hombre mayor de edad que hab\u00eda ingresado a una vivienda en la calle Ansaloni al 1700. El individuo ten\u00eda en su posesi\u00f3n un elemento sustra\u00eddo. La UFI 7 orden\u00f3 que fuera alojado en la dependencia correspondiente.<\/p>\n","protected":false},"excerpt":{"rendered":"<p>Ayer, el personal policial respondi\u00f3 a un llamado en la zona de Ansaloni y Alvarado, donde aprehendieron a un hombre mayor de edad que hab\u00eda ingresado a una vivienda en la calle Ansaloni al 1700. El individuo ten\u00eda en su posesi\u00f3n un elemento sustra\u00eddo. La UFI 7 orden\u00f3 que fuera alojado en la dependencia correspondiente.<\/p>\n","protected":false},"author":4,"featured_media":124143,"comment_status":"closed","ping_status":"closed","sticky":false,"template":"","format":"standard","meta":{"om_disable_all_campaigns":false,"_jetpack_memberships_contains_paid_content":false,"footnotes":""},"categories":[2,103],"tags":[197,33,95,19],"class_list":["post-124142","post","type-post","status-publish","format-standard","has-post-thumbnail","hentry","category-locales","category-policiales-locales","tag-buenos-aires","tag-locales","tag-policiales","tag-san-pedro"],"aioseo_notices":[],"gutentor_comment":0,"jetpack_featured_media_url":"https:\/\/eldiariodesanpedro.com.ar\/sitio\/wp-content\/uploads\/2023\/11\/medida-29.png","jetpack_shortlink":"https:\/\/wp.me\/p6RhLt-wii","jetpack_sharing_enabled":true,"_links":{"self":[{"href":"https:\/\/eldiariodesanpedro.com.ar\/sitio\/wp-json\/wp\/v2\/posts\/124142","targetHints":{"allow":["GET"]}}],"collection":[{"href":"https:\/\/eldiariodesanpedro.com.ar\/sitio\/wp-json\/wp\/v2\/posts"}],"about":[{"href":"https:\/\/eldiariodesanpedro.com.ar\/sitio\/wp-json\/wp\/v2\/types\/post"}],"author":[{"embeddable":true,"href":"https:\/\/eldiariodesanpedro.com.ar\/sitio\/wp-json\/wp\/v2\/users\/4"}],"replies":[{"embeddable":true,"href":"https:\/\/eldiariodesanpedro.com.ar\/sitio\/wp-json\/wp\/v2\/comments?post=124142"}],"version-history":[{"count":1,"href":"https:\/\/eldiariodesanpedro.com.ar\/sitio\/wp-json\/wp\/v2\/posts\/124142\/revisions"}],"predecessor-version":[{"id":124144,"href":"https:\/\/eldiariodesanpedro.com.ar\/sitio\/wp-json\/wp\/v2\/posts\/124142\/revisions\/124144"}],"wp:featuredmedia":[{"embeddable":true,"href":"https:\/\/eldiariodesanpedro.com.ar\/sitio\/wp-json\/wp\/v2\/media\/124143"}],"wp:attachment":[{"href":"https:\/\/eldiariodesanpedro.com.ar\/sitio\/wp-json\/wp\/v2\/media?parent=124142"}],"wp:term":[{"taxonomy":"category","embeddable":true,"href":"https:\/\/eldiariodesanpedro.com.ar\/sitio\/wp-json\/wp\/v2\/categories?post=124142"},{"taxonomy":"post_tag","embeddable":true,"href":"https:\/\/eldiariodesanpedro.com.ar\/sitio\/wp-json\/wp\/v2\/tags?post=124142"}],"curies":[{"name":"wp","href":"https:\/\/api.w.org\/{rel}","templated":true}]}}