{"id":124139,"date":"2023-11-24T10:22:54","date_gmt":"2023-11-24T13:22:54","guid":{"rendered":"https:\/\/eldiariodesanpedro.com.ar\/sitio\/?p=124139"},"modified":"2023-11-24T10:22:56","modified_gmt":"2023-11-24T13:22:56","slug":"una-persona-con-arresto-domiciliario-fue-aprehendido-por-violar-el-horario-permitido-para-trabajar","status":"publish","type":"post","link":"https:\/\/eldiariodesanpedro.com.ar\/sitio\/una-persona-con-arresto-domiciliario-fue-aprehendido-por-violar-el-horario-permitido-para-trabajar\/","title":{"rendered":"Una persona con arresto domiciliario fue aprehendido por violar el horario permitido para trabajar"},"content":{"rendered":"<!-- VideographyWP Plugin Message: Automatic video embedding prevented by plugin options. -->\n\n<p><br>En la jornada de ayer, en el marco de la orden de detenci\u00f3n ordenado por el Juzgado de Garant\u00eda en la intersecci\u00f3n de Bv Moreno y 11 de Septiembre, se llev\u00f3 a cabo la aprehensi\u00f3n de un hombre mayor de edad. Se descubri\u00f3 que estaba quebrantando el horario autorizado por el juzgado en el contexto de su arresto domiciliario, relacionado con la causa 671\/23. La intervenci\u00f3n judicial corresponde al Juzgado de Responsabilidad Juvenil de San Nicol\u00e1s, a cargo del Dr. Parodi. En consecuencia, se ha dispuesto la notificaci\u00f3n de la revocaci\u00f3n de las salidas transitorias y se ordena que contin\u00fae el arresto en su domicilio.<\/p>\n","protected":false},"excerpt":{"rendered":"<p>En la jornada de ayer, en el marco de la orden de detenci\u00f3n ordenado por el Juzgado de Garant\u00eda en la intersecci\u00f3n de Bv Moreno y 11 de Septiembre, se llev\u00f3 a cabo la aprehensi\u00f3n de un hombre mayor de edad. Se descubri\u00f3 que estaba quebrantando el horario autorizado por el juzgado en el contexto [&hellip;]<\/p>\n","protected":false},"author":4,"featured_media":124140,"comment_status":"closed","ping_status":"closed","sticky":false,"template":"","format":"standard","meta":{"om_disable_all_campaigns":false,"_jetpack_memberships_contains_paid_content":false,"footnotes":""},"categories":[2,103],"tags":[197,33,95,19],"class_list":["post-124139","post","type-post","status-publish","format-standard","has-post-thumbnail","hentry","category-locales","category-policiales-locales","tag-buenos-aires","tag-locales","tag-policiales","tag-san-pedro"],"aioseo_notices":[],"gutentor_comment":0,"jetpack_featured_media_url":"https:\/\/eldiariodesanpedro.com.ar\/sitio\/wp-content\/uploads\/2023\/11\/medida-28.png","jetpack_shortlink":"https:\/\/wp.me\/p6RhLt-wif","jetpack_sharing_enabled":true,"_links":{"self":[{"href":"https:\/\/eldiariodesanpedro.com.ar\/sitio\/wp-json\/wp\/v2\/posts\/124139","targetHints":{"allow":["GET"]}}],"collection":[{"href":"https:\/\/eldiariodesanpedro.com.ar\/sitio\/wp-json\/wp\/v2\/posts"}],"about":[{"href":"https:\/\/eldiariodesanpedro.com.ar\/sitio\/wp-json\/wp\/v2\/types\/post"}],"author":[{"embeddable":true,"href":"https:\/\/eldiariodesanpedro.com.ar\/sitio\/wp-json\/wp\/v2\/users\/4"}],"replies":[{"embeddable":true,"href":"https:\/\/eldiariodesanpedro.com.ar\/sitio\/wp-json\/wp\/v2\/comments?post=124139"}],"version-history":[{"count":1,"href":"https:\/\/eldiariodesanpedro.com.ar\/sitio\/wp-json\/wp\/v2\/posts\/124139\/revisions"}],"predecessor-version":[{"id":124141,"href":"https:\/\/eldiariodesanpedro.com.ar\/sitio\/wp-json\/wp\/v2\/posts\/124139\/revisions\/124141"}],"wp:featuredmedia":[{"embeddable":true,"href":"https:\/\/eldiariodesanpedro.com.ar\/sitio\/wp-json\/wp\/v2\/media\/124140"}],"wp:attachment":[{"href":"https:\/\/eldiariodesanpedro.com.ar\/sitio\/wp-json\/wp\/v2\/media?parent=124139"}],"wp:term":[{"taxonomy":"category","embeddable":true,"href":"https:\/\/eldiariodesanpedro.com.ar\/sitio\/wp-json\/wp\/v2\/categories?post=124139"},{"taxonomy":"post_tag","embeddable":true,"href":"https:\/\/eldiariodesanpedro.com.ar\/sitio\/wp-json\/wp\/v2\/tags?post=124139"}],"curies":[{"name":"wp","href":"https:\/\/api.w.org\/{rel}","templated":true}]}}