{"id":124136,"date":"2023-11-24T10:00:37","date_gmt":"2023-11-24T13:00:37","guid":{"rendered":"https:\/\/eldiariodesanpedro.com.ar\/sitio\/?p=124136"},"modified":"2023-11-24T10:00:39","modified_gmt":"2023-11-24T13:00:39","slug":"taller-gratuito-sobre-diabetes-tipo-i-y-alimentacion-2","status":"publish","type":"post","link":"https:\/\/eldiariodesanpedro.com.ar\/sitio\/taller-gratuito-sobre-diabetes-tipo-i-y-alimentacion-2\/","title":{"rendered":"Taller Gratuito sobre Diabetes Tipo I y Alimentaci\u00f3n"},"content":{"rendered":"<!-- VideographyWP Plugin Message: Automatic video embedding prevented by plugin options. -->\n\n<p>La Municipalidad de San Pedro, a trav\u00e9s de la Secretar\u00eda de Salud reitera su intivaci\u00f3n al taller \u201cDiabetes Tipo I y Alimentaci\u00f3n\u201d que se llevar\u00e1 a cabo el s\u00e1bado 25 de noviembre a las 9.30 hs. en el Polo de Salud Municipal ubicado en Mitre 375.<\/p>\n\n\n\n<p>La actividad, de acceso gratuito, ser\u00e1 coordinada por la Licenciada en Nutrici\u00f3n, Yanina Merino, educadora certificada en diabetes por la SAD, Directora del curso de Nutrici\u00f3n y Educaci\u00f3n en Diabetes de la Universidad Abierta Interamericana y es destinada a personas con diabetes tipo I y sus familias.<\/p>\n","protected":false},"excerpt":{"rendered":"<p>La Municipalidad de San Pedro, a trav\u00e9s de la Secretar\u00eda de Salud reitera su intivaci\u00f3n al taller \u201cDiabetes Tipo I y Alimentaci\u00f3n\u201d que se llevar\u00e1 a cabo el s\u00e1bado 25 de noviembre a las 9.30 hs. en el Polo de Salud Municipal ubicado en Mitre 375. La actividad, de acceso gratuito, ser\u00e1 coordinada por la [&hellip;]<\/p>\n","protected":false},"author":4,"featured_media":124137,"comment_status":"closed","ping_status":"closed","sticky":false,"template":"","format":"standard","meta":{"om_disable_all_campaigns":false,"_jetpack_memberships_contains_paid_content":false,"footnotes":""},"categories":[101,2],"tags":[197,696,33,19],"class_list":["post-124136","post","type-post","status-publish","format-standard","has-post-thumbnail","hentry","category-interes-general-locales","category-locales","tag-buenos-aires","tag-interes-general","tag-locales","tag-san-pedro"],"aioseo_notices":[],"gutentor_comment":0,"jetpack_featured_media_url":"https:\/\/eldiariodesanpedro.com.ar\/sitio\/wp-content\/uploads\/2023\/11\/medida-27.png","jetpack_shortlink":"https:\/\/wp.me\/p6RhLt-wic","jetpack_sharing_enabled":true,"_links":{"self":[{"href":"https:\/\/eldiariodesanpedro.com.ar\/sitio\/wp-json\/wp\/v2\/posts\/124136","targetHints":{"allow":["GET"]}}],"collection":[{"href":"https:\/\/eldiariodesanpedro.com.ar\/sitio\/wp-json\/wp\/v2\/posts"}],"about":[{"href":"https:\/\/eldiariodesanpedro.com.ar\/sitio\/wp-json\/wp\/v2\/types\/post"}],"author":[{"embeddable":true,"href":"https:\/\/eldiariodesanpedro.com.ar\/sitio\/wp-json\/wp\/v2\/users\/4"}],"replies":[{"embeddable":true,"href":"https:\/\/eldiariodesanpedro.com.ar\/sitio\/wp-json\/wp\/v2\/comments?post=124136"}],"version-history":[{"count":1,"href":"https:\/\/eldiariodesanpedro.com.ar\/sitio\/wp-json\/wp\/v2\/posts\/124136\/revisions"}],"predecessor-version":[{"id":124138,"href":"https:\/\/eldiariodesanpedro.com.ar\/sitio\/wp-json\/wp\/v2\/posts\/124136\/revisions\/124138"}],"wp:featuredmedia":[{"embeddable":true,"href":"https:\/\/eldiariodesanpedro.com.ar\/sitio\/wp-json\/wp\/v2\/media\/124137"}],"wp:attachment":[{"href":"https:\/\/eldiariodesanpedro.com.ar\/sitio\/wp-json\/wp\/v2\/media?parent=124136"}],"wp:term":[{"taxonomy":"category","embeddable":true,"href":"https:\/\/eldiariodesanpedro.com.ar\/sitio\/wp-json\/wp\/v2\/categories?post=124136"},{"taxonomy":"post_tag","embeddable":true,"href":"https:\/\/eldiariodesanpedro.com.ar\/sitio\/wp-json\/wp\/v2\/tags?post=124136"}],"curies":[{"name":"wp","href":"https:\/\/api.w.org\/{rel}","templated":true}]}}