{"id":124133,"date":"2023-11-24T09:46:18","date_gmt":"2023-11-24T12:46:18","guid":{"rendered":"https:\/\/eldiariodesanpedro.com.ar\/sitio\/?p=124133"},"modified":"2023-11-24T09:46:20","modified_gmt":"2023-11-24T12:46:20","slug":"acto-en-el-dia-internacional-de-eliminacion-de-la-violencia-hacia-las-mujeres","status":"publish","type":"post","link":"https:\/\/eldiariodesanpedro.com.ar\/sitio\/acto-en-el-dia-internacional-de-eliminacion-de-la-violencia-hacia-las-mujeres\/","title":{"rendered":"Acto en el D\u00eda Internacional de Eliminaci\u00f3n de la Violencia hacia las Mujeres"},"content":{"rendered":"<!-- VideographyWP Plugin Message: Automatic video embedding prevented by plugin options. -->\n\n<p>La Secretar\u00eda de Pol\u00edticas de G\u00e9nero, Mujeres y Diversidad de la Municipalidad de San Pedro invita al acto en el marco del D\u00eda Internacional de Eliminaci\u00f3n de la Violencia hacia las Mujeres, que se realizar\u00e1 este s\u00e1bado 25 de noviembre, desde las 10.00, en la intersecci\u00f3n de 11 de Septiembre y Boulevard Moreno.<\/p>\n\n\n\n<p>La actividad contar\u00e1 con la actuaci\u00f3n del grupo de percusi\u00f3n feminista \u00abAquelarre de Tamboreras\u00bb.<\/p>\n","protected":false},"excerpt":{"rendered":"<p>La Secretar\u00eda de Pol\u00edticas de G\u00e9nero, Mujeres y Diversidad de la Municipalidad de San Pedro invita al acto en el marco del D\u00eda Internacional de Eliminaci\u00f3n de la Violencia hacia las Mujeres, que se realizar\u00e1 este s\u00e1bado 25 de noviembre, desde las 10.00, en la intersecci\u00f3n de 11 de Septiembre y Boulevard Moreno. La actividad [&hellip;]<\/p>\n","protected":false},"author":4,"featured_media":124134,"comment_status":"closed","ping_status":"closed","sticky":false,"template":"","format":"standard","meta":{"om_disable_all_campaigns":false,"_jetpack_memberships_contains_paid_content":false,"footnotes":""},"categories":[101,2],"tags":[197,696,33,19],"class_list":["post-124133","post","type-post","status-publish","format-standard","has-post-thumbnail","hentry","category-interes-general-locales","category-locales","tag-buenos-aires","tag-interes-general","tag-locales","tag-san-pedro"],"aioseo_notices":[],"gutentor_comment":0,"jetpack_featured_media_url":"https:\/\/eldiariodesanpedro.com.ar\/sitio\/wp-content\/uploads\/2023\/11\/medida-26.png","jetpack_shortlink":"https:\/\/wp.me\/p6RhLt-wi9","jetpack_sharing_enabled":true,"_links":{"self":[{"href":"https:\/\/eldiariodesanpedro.com.ar\/sitio\/wp-json\/wp\/v2\/posts\/124133","targetHints":{"allow":["GET"]}}],"collection":[{"href":"https:\/\/eldiariodesanpedro.com.ar\/sitio\/wp-json\/wp\/v2\/posts"}],"about":[{"href":"https:\/\/eldiariodesanpedro.com.ar\/sitio\/wp-json\/wp\/v2\/types\/post"}],"author":[{"embeddable":true,"href":"https:\/\/eldiariodesanpedro.com.ar\/sitio\/wp-json\/wp\/v2\/users\/4"}],"replies":[{"embeddable":true,"href":"https:\/\/eldiariodesanpedro.com.ar\/sitio\/wp-json\/wp\/v2\/comments?post=124133"}],"version-history":[{"count":1,"href":"https:\/\/eldiariodesanpedro.com.ar\/sitio\/wp-json\/wp\/v2\/posts\/124133\/revisions"}],"predecessor-version":[{"id":124135,"href":"https:\/\/eldiariodesanpedro.com.ar\/sitio\/wp-json\/wp\/v2\/posts\/124133\/revisions\/124135"}],"wp:featuredmedia":[{"embeddable":true,"href":"https:\/\/eldiariodesanpedro.com.ar\/sitio\/wp-json\/wp\/v2\/media\/124134"}],"wp:attachment":[{"href":"https:\/\/eldiariodesanpedro.com.ar\/sitio\/wp-json\/wp\/v2\/media?parent=124133"}],"wp:term":[{"taxonomy":"category","embeddable":true,"href":"https:\/\/eldiariodesanpedro.com.ar\/sitio\/wp-json\/wp\/v2\/categories?post=124133"},{"taxonomy":"post_tag","embeddable":true,"href":"https:\/\/eldiariodesanpedro.com.ar\/sitio\/wp-json\/wp\/v2\/tags?post=124133"}],"curies":[{"name":"wp","href":"https:\/\/api.w.org\/{rel}","templated":true}]}}