{"id":124129,"date":"2023-11-23T10:12:27","date_gmt":"2023-11-23T13:12:27","guid":{"rendered":"https:\/\/eldiariodesanpedro.com.ar\/sitio\/?p=124129"},"modified":"2023-11-23T10:12:31","modified_gmt":"2023-11-23T13:12:31","slug":"allanamiento-por-un-hecho-de-robo-agravado-por-efraccion","status":"publish","type":"post","link":"https:\/\/eldiariodesanpedro.com.ar\/sitio\/allanamiento-por-un-hecho-de-robo-agravado-por-efraccion\/","title":{"rendered":"Allanamiento por un hecho de robo agravado por efracci\u00f3n"},"content":{"rendered":"<!-- VideographyWP Plugin Message: Automatic video embedding prevented by plugin options. -->\n\n<p>En el d\u00eda de ayer, el personal de GTO llev\u00f3 a cabo una diligencia de allanamiento en relaci\u00f3n con una investigaci\u00f3n sobre un caso de robo agravado por efracci\u00f3n en una veterinaria ubicada en la calle Bartolom\u00e9 Mitre al 2000 de esta ciudad. La propiedad pertenece a una mujer de 40 a\u00f1os de edad.<\/p>\n\n\n\n<p>La orden de allanamiento fue otorgada por el Juzgado de Garant\u00edas nro. 03, a solicitud de la Dra. Mar\u00eda Del Valle Viviani, Agente Fiscal de UFI nro. 07. La acci\u00f3n se llev\u00f3 a cabo en el domicilio de la mujer de 44 a\u00f1os en la calle San Bozzano al 200 de este medio. Durante el allanamiento, se incaut\u00f3 una computadora HP de color gris.<\/p>\n\n\n\n<p>Como resultado de la diligencia, se procedi\u00f3 a la aprehensi\u00f3n de la mencionada mujer de 44 a\u00f1os y de otra mujer de 27 a\u00f1os de edad. Esta \u00faltima ten\u00eda en su posesi\u00f3n un rev\u00f3lver calibre 38.<\/p>\n","protected":false},"excerpt":{"rendered":"<p>En el d\u00eda de ayer, el personal de GTO llev\u00f3 a cabo una diligencia de allanamiento en relaci\u00f3n con una investigaci\u00f3n sobre un caso de robo agravado por efracci\u00f3n en una veterinaria ubicada en la calle Bartolom\u00e9 Mitre al 2000 de esta ciudad. La propiedad pertenece a una mujer de 40 a\u00f1os de edad. La [&hellip;]<\/p>\n","protected":false},"author":4,"featured_media":124130,"comment_status":"closed","ping_status":"closed","sticky":false,"template":"","format":"standard","meta":{"om_disable_all_campaigns":false,"_jetpack_memberships_contains_paid_content":false,"footnotes":""},"categories":[50,2,103],"tags":[197,33,95,19],"class_list":["post-124129","post","type-post","status-publish","format-standard","has-post-thumbnail","hentry","category-destacadas","category-locales","category-policiales-locales","tag-buenos-aires","tag-locales","tag-policiales","tag-san-pedro"],"aioseo_notices":[],"gutentor_comment":0,"jetpack_featured_media_url":"https:\/\/eldiariodesanpedro.com.ar\/sitio\/wp-content\/uploads\/2023\/11\/medida-25.png","jetpack_shortlink":"https:\/\/wp.me\/p6RhLt-wi5","jetpack_sharing_enabled":true,"_links":{"self":[{"href":"https:\/\/eldiariodesanpedro.com.ar\/sitio\/wp-json\/wp\/v2\/posts\/124129","targetHints":{"allow":["GET"]}}],"collection":[{"href":"https:\/\/eldiariodesanpedro.com.ar\/sitio\/wp-json\/wp\/v2\/posts"}],"about":[{"href":"https:\/\/eldiariodesanpedro.com.ar\/sitio\/wp-json\/wp\/v2\/types\/post"}],"author":[{"embeddable":true,"href":"https:\/\/eldiariodesanpedro.com.ar\/sitio\/wp-json\/wp\/v2\/users\/4"}],"replies":[{"embeddable":true,"href":"https:\/\/eldiariodesanpedro.com.ar\/sitio\/wp-json\/wp\/v2\/comments?post=124129"}],"version-history":[{"count":1,"href":"https:\/\/eldiariodesanpedro.com.ar\/sitio\/wp-json\/wp\/v2\/posts\/124129\/revisions"}],"predecessor-version":[{"id":124131,"href":"https:\/\/eldiariodesanpedro.com.ar\/sitio\/wp-json\/wp\/v2\/posts\/124129\/revisions\/124131"}],"wp:featuredmedia":[{"embeddable":true,"href":"https:\/\/eldiariodesanpedro.com.ar\/sitio\/wp-json\/wp\/v2\/media\/124130"}],"wp:attachment":[{"href":"https:\/\/eldiariodesanpedro.com.ar\/sitio\/wp-json\/wp\/v2\/media?parent=124129"}],"wp:term":[{"taxonomy":"category","embeddable":true,"href":"https:\/\/eldiariodesanpedro.com.ar\/sitio\/wp-json\/wp\/v2\/categories?post=124129"},{"taxonomy":"post_tag","embeddable":true,"href":"https:\/\/eldiariodesanpedro.com.ar\/sitio\/wp-json\/wp\/v2\/tags?post=124129"}],"curies":[{"name":"wp","href":"https:\/\/api.w.org\/{rel}","templated":true}]}}