{"id":124126,"date":"2023-11-23T09:55:01","date_gmt":"2023-11-23T12:55:01","guid":{"rendered":"https:\/\/eldiariodesanpedro.com.ar\/sitio\/?p=124126"},"modified":"2023-11-23T09:55:03","modified_gmt":"2023-11-23T12:55:03","slug":"muerte-rea-tangos-reos-en-el-teatro-municipal-siripo","status":"publish","type":"post","link":"https:\/\/eldiariodesanpedro.com.ar\/sitio\/muerte-rea-tangos-reos-en-el-teatro-municipal-siripo\/","title":{"rendered":"\u00abMuerte Rea, Tangos Reos\u00bb, en el Teatro Municipal Siripo"},"content":{"rendered":"<!-- VideographyWP Plugin Message: Automatic video embedding prevented by plugin options. -->\n\n<p>La Secretar\u00eda de Turismo y Cultura extiende una cordial invitaci\u00f3n a la funci\u00f3n titulada \u00abMuerte Rea, Tangos Reos\u00bb, que se realizar\u00e1 en el Teatro Municipal Siripo. <\/p>\n\n\n\n<p>La fecha programada para este evento es el viernes 24 de noviembre a las 21 horas. El lugar de encuentro ser\u00e1 el Teatro Municipal Siripo, ubicado en Salta y Oliveira Cezar. <\/p>\n\n\n\n<p>El costo de la entrada para disfrutar de esta funci\u00f3n es de $2000. <\/p>\n","protected":false},"excerpt":{"rendered":"<p>La Secretar\u00eda de Turismo y Cultura extiende una cordial invitaci\u00f3n a la funci\u00f3n titulada \u00abMuerte Rea, Tangos Reos\u00bb, que se realizar\u00e1 en el Teatro Municipal Siripo. La fecha programada para este evento es el viernes 24 de noviembre a las 21 horas. El lugar de encuentro ser\u00e1 el Teatro Municipal Siripo, ubicado en Salta y [&hellip;]<\/p>\n","protected":false},"author":4,"featured_media":124127,"comment_status":"closed","ping_status":"closed","sticky":false,"template":"","format":"standard","meta":{"om_disable_all_campaigns":false,"_jetpack_memberships_contains_paid_content":false,"footnotes":""},"categories":[101,2],"tags":[197,696,33,19],"class_list":["post-124126","post","type-post","status-publish","format-standard","has-post-thumbnail","hentry","category-interes-general-locales","category-locales","tag-buenos-aires","tag-interes-general","tag-locales","tag-san-pedro"],"aioseo_notices":[],"gutentor_comment":0,"jetpack_featured_media_url":"https:\/\/eldiariodesanpedro.com.ar\/sitio\/wp-content\/uploads\/2023\/11\/medida-24.png","jetpack_shortlink":"https:\/\/wp.me\/p6RhLt-wi2","jetpack_sharing_enabled":true,"_links":{"self":[{"href":"https:\/\/eldiariodesanpedro.com.ar\/sitio\/wp-json\/wp\/v2\/posts\/124126","targetHints":{"allow":["GET"]}}],"collection":[{"href":"https:\/\/eldiariodesanpedro.com.ar\/sitio\/wp-json\/wp\/v2\/posts"}],"about":[{"href":"https:\/\/eldiariodesanpedro.com.ar\/sitio\/wp-json\/wp\/v2\/types\/post"}],"author":[{"embeddable":true,"href":"https:\/\/eldiariodesanpedro.com.ar\/sitio\/wp-json\/wp\/v2\/users\/4"}],"replies":[{"embeddable":true,"href":"https:\/\/eldiariodesanpedro.com.ar\/sitio\/wp-json\/wp\/v2\/comments?post=124126"}],"version-history":[{"count":1,"href":"https:\/\/eldiariodesanpedro.com.ar\/sitio\/wp-json\/wp\/v2\/posts\/124126\/revisions"}],"predecessor-version":[{"id":124128,"href":"https:\/\/eldiariodesanpedro.com.ar\/sitio\/wp-json\/wp\/v2\/posts\/124126\/revisions\/124128"}],"wp:featuredmedia":[{"embeddable":true,"href":"https:\/\/eldiariodesanpedro.com.ar\/sitio\/wp-json\/wp\/v2\/media\/124127"}],"wp:attachment":[{"href":"https:\/\/eldiariodesanpedro.com.ar\/sitio\/wp-json\/wp\/v2\/media?parent=124126"}],"wp:term":[{"taxonomy":"category","embeddable":true,"href":"https:\/\/eldiariodesanpedro.com.ar\/sitio\/wp-json\/wp\/v2\/categories?post=124126"},{"taxonomy":"post_tag","embeddable":true,"href":"https:\/\/eldiariodesanpedro.com.ar\/sitio\/wp-json\/wp\/v2\/tags?post=124126"}],"curies":[{"name":"wp","href":"https:\/\/api.w.org\/{rel}","templated":true}]}}