{"id":124120,"date":"2023-11-23T09:48:10","date_gmt":"2023-11-23T12:48:10","guid":{"rendered":"https:\/\/eldiariodesanpedro.com.ar\/sitio\/?p=124120"},"modified":"2023-11-23T09:48:13","modified_gmt":"2023-11-23T12:48:13","slug":"nuevo-taller-del-plan-estrategico-san-pedro-2050","status":"publish","type":"post","link":"https:\/\/eldiariodesanpedro.com.ar\/sitio\/nuevo-taller-del-plan-estrategico-san-pedro-2050\/","title":{"rendered":"Nuevo taller del Plan Estrat\u00e9gico San Pedro 2050"},"content":{"rendered":"<!-- VideographyWP Plugin Message: Automatic video embedding prevented by plugin options. -->\n\n<p>En el marco del Plan Estrat\u00e9gico San Pedro 2050, promovido por la gesti\u00f3n que encabeza el Intendente Cecilio Salazar, se desarroll\u00f3 el segundo taller focalizado en el Parque Agroindustrial. La actividad tuvo lugar en la sede de la Liga Deportiva Sampedrina, cont\u00f3 con la participaci\u00f3n de diversos actores sociales y fue coordinado por el equipo de Urbanteo.<\/p>\n\n\n\n<p>Esta iniciativa busca avanzar en la planificaci\u00f3n estrat\u00e9gica para el desarrollo sostenible del municipio, consolidando la participaci\u00f3n de diferentes sectores de la comunidad. En esta ocasi\u00f3n, el taller estuvo dirigido a empresarios, emprendedores, trabajadores y aquellos vinculados directamente con el fortalecimiento del ecosistema productivo de San Pedro.<\/p>\n\n\n\n<p>El intercambio de ideas y la colaboraci\u00f3n de los participantes en esta actividad contribuyen al dise\u00f1o de acciones concretas que potencien el desarrollo econ\u00f3mico y productivo de la ciudad.<\/p>\n\n\n\n<figure class=\"wp-block-image size-full\"><img decoding=\"async\" width=\"946\" height=\"630\" data-attachment-id=\"124122\" data-permalink=\"https:\/\/eldiariodesanpedro.com.ar\/sitio\/nuevo-taller-del-plan-estrategico-san-pedro-2050\/imagen-de-whatsapp-2023-11-23-a-las-09-27-14_5cd80352\/\" data-orig-file=\"https:\/\/eldiariodesanpedro.com.ar\/sitio\/wp-content\/uploads\/2023\/11\/Imagen-de-WhatsApp-2023-11-23-a-las-09.27.14_5cd80352.jpg\" data-orig-size=\"946,630\" data-comments-opened=\"0\" data-image-meta=\"{&quot;aperture&quot;:&quot;0&quot;,&quot;credit&quot;:&quot;&quot;,&quot;camera&quot;:&quot;&quot;,&quot;caption&quot;:&quot;&quot;,&quot;created_timestamp&quot;:&quot;0&quot;,&quot;copyright&quot;:&quot;&quot;,&quot;focal_length&quot;:&quot;0&quot;,&quot;iso&quot;:&quot;0&quot;,&quot;shutter_speed&quot;:&quot;0&quot;,&quot;title&quot;:&quot;&quot;,&quot;orientation&quot;:&quot;0&quot;}\" data-image-title=\"Imagen de WhatsApp 2023-11-23 a las 09.27.14_5cd80352\" data-image-description=\"\" data-image-caption=\"\" data-large-file=\"https:\/\/eldiariodesanpedro.com.ar\/sitio\/wp-content\/uploads\/2023\/11\/Imagen-de-WhatsApp-2023-11-23-a-las-09.27.14_5cd80352.jpg\" data-src=\"https:\/\/eldiariodesanpedro.com.ar\/sitio\/wp-content\/uploads\/2023\/11\/Imagen-de-WhatsApp-2023-11-23-a-las-09.27.14_5cd80352.jpg\" alt=\"\" class=\"wp-image-124122 lazyload\" data-srcset=\"https:\/\/eldiariodesanpedro.com.ar\/sitio\/wp-content\/uploads\/2023\/11\/Imagen-de-WhatsApp-2023-11-23-a-las-09.27.14_5cd80352.jpg 946w, https:\/\/eldiariodesanpedro.com.ar\/sitio\/wp-content\/uploads\/2023\/11\/Imagen-de-WhatsApp-2023-11-23-a-las-09.27.14_5cd80352-300x200.jpg 300w, https:\/\/eldiariodesanpedro.com.ar\/sitio\/wp-content\/uploads\/2023\/11\/Imagen-de-WhatsApp-2023-11-23-a-las-09.27.14_5cd80352-768x511.jpg 768w\" data-sizes=\"(max-width: 946px) 100vw, 946px\" src=\"data:image\/svg+xml;base64,PHN2ZyB3aWR0aD0iMSIgaGVpZ2h0PSIxIiB4bWxucz0iaHR0cDovL3d3dy53My5vcmcvMjAwMC9zdmciPjwvc3ZnPg==\" style=\"--smush-placeholder-width: 946px; --smush-placeholder-aspect-ratio: 946\/630;\" \/><\/figure>\n\n\n\n<figure class=\"wp-block-image size-full\"><img decoding=\"async\" width=\"946\" height=\"630\" data-attachment-id=\"124123\" data-permalink=\"https:\/\/eldiariodesanpedro.com.ar\/sitio\/nuevo-taller-del-plan-estrategico-san-pedro-2050\/imagen-de-whatsapp-2023-11-23-a-las-09-27-15_d5f876ef\/\" data-orig-file=\"https:\/\/eldiariodesanpedro.com.ar\/sitio\/wp-content\/uploads\/2023\/11\/Imagen-de-WhatsApp-2023-11-23-a-las-09.27.15_d5f876ef.jpg\" data-orig-size=\"946,630\" data-comments-opened=\"0\" data-image-meta=\"{&quot;aperture&quot;:&quot;0&quot;,&quot;credit&quot;:&quot;&quot;,&quot;camera&quot;:&quot;&quot;,&quot;caption&quot;:&quot;&quot;,&quot;created_timestamp&quot;:&quot;0&quot;,&quot;copyright&quot;:&quot;&quot;,&quot;focal_length&quot;:&quot;0&quot;,&quot;iso&quot;:&quot;0&quot;,&quot;shutter_speed&quot;:&quot;0&quot;,&quot;title&quot;:&quot;&quot;,&quot;orientation&quot;:&quot;0&quot;}\" data-image-title=\"Imagen de WhatsApp 2023-11-23 a las 09.27.15_d5f876ef\" data-image-description=\"\" data-image-caption=\"\" data-large-file=\"https:\/\/eldiariodesanpedro.com.ar\/sitio\/wp-content\/uploads\/2023\/11\/Imagen-de-WhatsApp-2023-11-23-a-las-09.27.15_d5f876ef.jpg\" data-src=\"https:\/\/eldiariodesanpedro.com.ar\/sitio\/wp-content\/uploads\/2023\/11\/Imagen-de-WhatsApp-2023-11-23-a-las-09.27.15_d5f876ef.jpg\" alt=\"\" class=\"wp-image-124123 lazyload\" data-srcset=\"https:\/\/eldiariodesanpedro.com.ar\/sitio\/wp-content\/uploads\/2023\/11\/Imagen-de-WhatsApp-2023-11-23-a-las-09.27.15_d5f876ef.jpg 946w, https:\/\/eldiariodesanpedro.com.ar\/sitio\/wp-content\/uploads\/2023\/11\/Imagen-de-WhatsApp-2023-11-23-a-las-09.27.15_d5f876ef-300x200.jpg 300w, https:\/\/eldiariodesanpedro.com.ar\/sitio\/wp-content\/uploads\/2023\/11\/Imagen-de-WhatsApp-2023-11-23-a-las-09.27.15_d5f876ef-768x511.jpg 768w\" data-sizes=\"(max-width: 946px) 100vw, 946px\" src=\"data:image\/svg+xml;base64,PHN2ZyB3aWR0aD0iMSIgaGVpZ2h0PSIxIiB4bWxucz0iaHR0cDovL3d3dy53My5vcmcvMjAwMC9zdmciPjwvc3ZnPg==\" style=\"--smush-placeholder-width: 946px; --smush-placeholder-aspect-ratio: 946\/630;\" \/><\/figure>\n","protected":false},"excerpt":{"rendered":"<p>En el marco del Plan Estrat\u00e9gico San Pedro 2050, promovido por la gesti\u00f3n que encabeza el Intendente Cecilio Salazar, se desarroll\u00f3 el segundo taller focalizado en el Parque Agroindustrial. La actividad tuvo lugar en la sede de la Liga Deportiva Sampedrina, cont\u00f3 con la participaci\u00f3n de diversos actores sociales y fue coordinado por el equipo [&hellip;]<\/p>\n","protected":false},"author":4,"featured_media":124121,"comment_status":"closed","ping_status":"closed","sticky":false,"template":"","format":"standard","meta":{"om_disable_all_campaigns":false,"_jetpack_memberships_contains_paid_content":false,"footnotes":""},"categories":[50,101,2],"tags":[197,696,33,19],"class_list":["post-124120","post","type-post","status-publish","format-standard","has-post-thumbnail","hentry","category-destacadas","category-interes-general-locales","category-locales","tag-buenos-aires","tag-interes-general","tag-locales","tag-san-pedro"],"aioseo_notices":[],"gutentor_comment":0,"jetpack_featured_media_url":"https:\/\/eldiariodesanpedro.com.ar\/sitio\/wp-content\/uploads\/2023\/11\/Imagen-de-WhatsApp-2023-11-23-a-las-09.27.13_50310b96.jpg","jetpack_shortlink":"https:\/\/wp.me\/p6RhLt-whW","jetpack_sharing_enabled":true,"_links":{"self":[{"href":"https:\/\/eldiariodesanpedro.com.ar\/sitio\/wp-json\/wp\/v2\/posts\/124120","targetHints":{"allow":["GET"]}}],"collection":[{"href":"https:\/\/eldiariodesanpedro.com.ar\/sitio\/wp-json\/wp\/v2\/posts"}],"about":[{"href":"https:\/\/eldiariodesanpedro.com.ar\/sitio\/wp-json\/wp\/v2\/types\/post"}],"author":[{"embeddable":true,"href":"https:\/\/eldiariodesanpedro.com.ar\/sitio\/wp-json\/wp\/v2\/users\/4"}],"replies":[{"embeddable":true,"href":"https:\/\/eldiariodesanpedro.com.ar\/sitio\/wp-json\/wp\/v2\/comments?post=124120"}],"version-history":[{"count":1,"href":"https:\/\/eldiariodesanpedro.com.ar\/sitio\/wp-json\/wp\/v2\/posts\/124120\/revisions"}],"predecessor-version":[{"id":124125,"href":"https:\/\/eldiariodesanpedro.com.ar\/sitio\/wp-json\/wp\/v2\/posts\/124120\/revisions\/124125"}],"wp:featuredmedia":[{"embeddable":true,"href":"https:\/\/eldiariodesanpedro.com.ar\/sitio\/wp-json\/wp\/v2\/media\/124121"}],"wp:attachment":[{"href":"https:\/\/eldiariodesanpedro.com.ar\/sitio\/wp-json\/wp\/v2\/media?parent=124120"}],"wp:term":[{"taxonomy":"category","embeddable":true,"href":"https:\/\/eldiariodesanpedro.com.ar\/sitio\/wp-json\/wp\/v2\/categories?post=124120"},{"taxonomy":"post_tag","embeddable":true,"href":"https:\/\/eldiariodesanpedro.com.ar\/sitio\/wp-json\/wp\/v2\/tags?post=124120"}],"curies":[{"name":"wp","href":"https:\/\/api.w.org\/{rel}","templated":true}]}}