{"id":124114,"date":"2023-11-23T09:44:03","date_gmt":"2023-11-23T12:44:03","guid":{"rendered":"https:\/\/eldiariodesanpedro.com.ar\/sitio\/?p=124114"},"modified":"2023-11-23T09:44:07","modified_gmt":"2023-11-23T12:44:07","slug":"fin-de-semana-con-la-fiesta-de-santa-catalina-y-semilla-de-fe-en-el-paseo-publico","status":"publish","type":"post","link":"https:\/\/eldiariodesanpedro.com.ar\/sitio\/fin-de-semana-con-la-fiesta-de-santa-catalina-y-semilla-de-fe-en-el-paseo-publico\/","title":{"rendered":"Fin de semana con la Fiesta de Santa Catalina y Semilla de Fe en el Paseo P\u00fablico"},"content":{"rendered":"<!-- VideographyWP Plugin Message: Automatic video embedding prevented by plugin options. -->\n\n<p>Este mi\u00e9rcoles se presentaron las actividades que se desarrollar\u00e1n el pr\u00f3ximo fin de semana en el Paseo P\u00fablico Municipal a trav\u00e9s de una conferencia de prensa encabezada por la Secretaria de Turismo y Cultura, Mariela L\u00f3pez.<\/p>\n\n\n\n<p>La 33\u00b0 edici\u00f3n de la Fiesta de Santa Catalina se llevar\u00e1 a cabo el s\u00e1bado 25 de noviembre desde las 17 horas en el Paseo P\u00fablico con entrada libre y gratuita contar\u00e1 con feria, gastronom\u00eda y la participaci\u00f3n de los artistas Mat\u00edas Marzico, Los Ribere\u00f1os, Chamacumbia y la 22.<\/p>\n\n\n\n<p>El domingo 26 de noviembre desde las 16 hs. se desarrollar\u00e1 el encuentro \u00abSemilla de Fe\u00bb, tambi\u00e9n con entrada libre y gratuita, contar\u00e1 con m\u00fasica en vivo y testimonios de los participantes.<\/p>\n\n\n\n<p>Participaron de los anuncios, el Pastor Juan Larrosa y los colaboradores Roc\u00edo Sandoval, Ana Mar\u00eda Cordich, Ezequiel Gerini y Andr\u00e9s Gerini.<\/p>\n\n\n\n<figure class=\"wp-block-image size-full\"><img decoding=\"async\" width=\"630\" height=\"630\" data-attachment-id=\"124115\" data-permalink=\"https:\/\/eldiariodesanpedro.com.ar\/sitio\/fin-de-semana-con-la-fiesta-de-santa-catalina-y-semilla-de-fe-en-el-paseo-publico\/imagen-de-whatsapp-2023-11-22-a-las-12-19-44_4edec5d1\/\" data-orig-file=\"https:\/\/eldiariodesanpedro.com.ar\/sitio\/wp-content\/uploads\/2023\/11\/Imagen-de-WhatsApp-2023-11-22-a-las-12.19.44_4edec5d1.jpg\" data-orig-size=\"630,630\" data-comments-opened=\"0\" data-image-meta=\"{&quot;aperture&quot;:&quot;0&quot;,&quot;credit&quot;:&quot;&quot;,&quot;camera&quot;:&quot;&quot;,&quot;caption&quot;:&quot;&quot;,&quot;created_timestamp&quot;:&quot;0&quot;,&quot;copyright&quot;:&quot;&quot;,&quot;focal_length&quot;:&quot;0&quot;,&quot;iso&quot;:&quot;0&quot;,&quot;shutter_speed&quot;:&quot;0&quot;,&quot;title&quot;:&quot;&quot;,&quot;orientation&quot;:&quot;0&quot;}\" data-image-title=\"Imagen de WhatsApp 2023-11-22 a las 12.19.44_4edec5d1\" data-image-description=\"\" data-image-caption=\"\" data-large-file=\"https:\/\/eldiariodesanpedro.com.ar\/sitio\/wp-content\/uploads\/2023\/11\/Imagen-de-WhatsApp-2023-11-22-a-las-12.19.44_4edec5d1.jpg\" data-src=\"https:\/\/eldiariodesanpedro.com.ar\/sitio\/wp-content\/uploads\/2023\/11\/Imagen-de-WhatsApp-2023-11-22-a-las-12.19.44_4edec5d1.jpg\" alt=\"\" class=\"wp-image-124115 lazyload\" data-srcset=\"https:\/\/eldiariodesanpedro.com.ar\/sitio\/wp-content\/uploads\/2023\/11\/Imagen-de-WhatsApp-2023-11-22-a-las-12.19.44_4edec5d1.jpg 630w, https:\/\/eldiariodesanpedro.com.ar\/sitio\/wp-content\/uploads\/2023\/11\/Imagen-de-WhatsApp-2023-11-22-a-las-12.19.44_4edec5d1-300x300.jpg 300w, https:\/\/eldiariodesanpedro.com.ar\/sitio\/wp-content\/uploads\/2023\/11\/Imagen-de-WhatsApp-2023-11-22-a-las-12.19.44_4edec5d1-150x150.jpg 150w\" data-sizes=\"(max-width: 630px) 100vw, 630px\" src=\"data:image\/svg+xml;base64,PHN2ZyB3aWR0aD0iMSIgaGVpZ2h0PSIxIiB4bWxucz0iaHR0cDovL3d3dy53My5vcmcvMjAwMC9zdmciPjwvc3ZnPg==\" style=\"--smush-placeholder-width: 630px; --smush-placeholder-aspect-ratio: 630\/630;\" \/><\/figure>\n\n\n\n<figure class=\"wp-block-image size-full\"><img decoding=\"async\" width=\"354\" height=\"630\" data-attachment-id=\"124116\" data-permalink=\"https:\/\/eldiariodesanpedro.com.ar\/sitio\/fin-de-semana-con-la-fiesta-de-santa-catalina-y-semilla-de-fe-en-el-paseo-publico\/imagen-de-whatsapp-2023-11-22-a-las-12-19-44_f7851726\/\" data-orig-file=\"https:\/\/eldiariodesanpedro.com.ar\/sitio\/wp-content\/uploads\/2023\/11\/Imagen-de-WhatsApp-2023-11-22-a-las-12.19.44_f7851726.jpg\" data-orig-size=\"354,630\" data-comments-opened=\"0\" data-image-meta=\"{&quot;aperture&quot;:&quot;0&quot;,&quot;credit&quot;:&quot;&quot;,&quot;camera&quot;:&quot;&quot;,&quot;caption&quot;:&quot;&quot;,&quot;created_timestamp&quot;:&quot;0&quot;,&quot;copyright&quot;:&quot;&quot;,&quot;focal_length&quot;:&quot;0&quot;,&quot;iso&quot;:&quot;0&quot;,&quot;shutter_speed&quot;:&quot;0&quot;,&quot;title&quot;:&quot;&quot;,&quot;orientation&quot;:&quot;0&quot;}\" data-image-title=\"Imagen de WhatsApp 2023-11-22 a las 12.19.44_f7851726\" data-image-description=\"\" data-image-caption=\"\" data-large-file=\"https:\/\/eldiariodesanpedro.com.ar\/sitio\/wp-content\/uploads\/2023\/11\/Imagen-de-WhatsApp-2023-11-22-a-las-12.19.44_f7851726.jpg\" data-src=\"https:\/\/eldiariodesanpedro.com.ar\/sitio\/wp-content\/uploads\/2023\/11\/Imagen-de-WhatsApp-2023-11-22-a-las-12.19.44_f7851726.jpg\" alt=\"\" class=\"wp-image-124116 lazyload\" data-srcset=\"https:\/\/eldiariodesanpedro.com.ar\/sitio\/wp-content\/uploads\/2023\/11\/Imagen-de-WhatsApp-2023-11-22-a-las-12.19.44_f7851726.jpg 354w, https:\/\/eldiariodesanpedro.com.ar\/sitio\/wp-content\/uploads\/2023\/11\/Imagen-de-WhatsApp-2023-11-22-a-las-12.19.44_f7851726-169x300.jpg 169w\" data-sizes=\"(max-width: 354px) 100vw, 354px\" src=\"data:image\/svg+xml;base64,PHN2ZyB3aWR0aD0iMSIgaGVpZ2h0PSIxIiB4bWxucz0iaHR0cDovL3d3dy53My5vcmcvMjAwMC9zdmciPjwvc3ZnPg==\" style=\"--smush-placeholder-width: 354px; --smush-placeholder-aspect-ratio: 354\/630;\" \/><\/figure>\n","protected":false},"excerpt":{"rendered":"<p>Este mi\u00e9rcoles se presentaron las actividades que se desarrollar\u00e1n el pr\u00f3ximo fin de semana en el Paseo P\u00fablico Municipal a trav\u00e9s de una conferencia de prensa encabezada por la Secretaria de Turismo y Cultura, Mariela L\u00f3pez. La 33\u00b0 edici\u00f3n de la Fiesta de Santa Catalina se llevar\u00e1 a cabo el s\u00e1bado 25 de noviembre desde [&hellip;]<\/p>\n","protected":false},"author":4,"featured_media":124117,"comment_status":"closed","ping_status":"closed","sticky":false,"template":"","format":"standard","meta":{"om_disable_all_campaigns":false,"_jetpack_memberships_contains_paid_content":false,"footnotes":""},"categories":[50,101,2],"tags":[197,696,33,19],"class_list":["post-124114","post","type-post","status-publish","format-standard","has-post-thumbnail","hentry","category-destacadas","category-interes-general-locales","category-locales","tag-buenos-aires","tag-interes-general","tag-locales","tag-san-pedro"],"aioseo_notices":[],"gutentor_comment":0,"jetpack_featured_media_url":"https:\/\/eldiariodesanpedro.com.ar\/sitio\/wp-content\/uploads\/2023\/11\/Imagen-de-WhatsApp-2023-11-22-a-las-12.19.45_9a4ed868.jpg","jetpack_shortlink":"https:\/\/wp.me\/p6RhLt-whQ","jetpack_sharing_enabled":true,"_links":{"self":[{"href":"https:\/\/eldiariodesanpedro.com.ar\/sitio\/wp-json\/wp\/v2\/posts\/124114","targetHints":{"allow":["GET"]}}],"collection":[{"href":"https:\/\/eldiariodesanpedro.com.ar\/sitio\/wp-json\/wp\/v2\/posts"}],"about":[{"href":"https:\/\/eldiariodesanpedro.com.ar\/sitio\/wp-json\/wp\/v2\/types\/post"}],"author":[{"embeddable":true,"href":"https:\/\/eldiariodesanpedro.com.ar\/sitio\/wp-json\/wp\/v2\/users\/4"}],"replies":[{"embeddable":true,"href":"https:\/\/eldiariodesanpedro.com.ar\/sitio\/wp-json\/wp\/v2\/comments?post=124114"}],"version-history":[{"count":1,"href":"https:\/\/eldiariodesanpedro.com.ar\/sitio\/wp-json\/wp\/v2\/posts\/124114\/revisions"}],"predecessor-version":[{"id":124119,"href":"https:\/\/eldiariodesanpedro.com.ar\/sitio\/wp-json\/wp\/v2\/posts\/124114\/revisions\/124119"}],"wp:featuredmedia":[{"embeddable":true,"href":"https:\/\/eldiariodesanpedro.com.ar\/sitio\/wp-json\/wp\/v2\/media\/124117"}],"wp:attachment":[{"href":"https:\/\/eldiariodesanpedro.com.ar\/sitio\/wp-json\/wp\/v2\/media?parent=124114"}],"wp:term":[{"taxonomy":"category","embeddable":true,"href":"https:\/\/eldiariodesanpedro.com.ar\/sitio\/wp-json\/wp\/v2\/categories?post=124114"},{"taxonomy":"post_tag","embeddable":true,"href":"https:\/\/eldiariodesanpedro.com.ar\/sitio\/wp-json\/wp\/v2\/tags?post=124114"}],"curies":[{"name":"wp","href":"https:\/\/api.w.org\/{rel}","templated":true}]}}