{"id":124108,"date":"2023-11-23T09:37:12","date_gmt":"2023-11-23T12:37:12","guid":{"rendered":"https:\/\/eldiariodesanpedro.com.ar\/sitio\/?p=124108"},"modified":"2023-11-23T09:38:58","modified_gmt":"2023-11-23T12:38:58","slug":"se-cumplieron-15-anos-de-la-creacion-del-museo-de-sitio-batalla-de-obligado","status":"publish","type":"post","link":"https:\/\/eldiariodesanpedro.com.ar\/sitio\/se-cumplieron-15-anos-de-la-creacion-del-museo-de-sitio-batalla-de-obligado\/","title":{"rendered":"Se cumplieron 15 a\u00f1os de la creaci\u00f3n del museo de sitio \u00abBatalla de Obligado\u00bb"},"content":{"rendered":"<!-- VideographyWP Plugin Message: Automatic video embedding prevented by plugin options. -->\n\n<p>Ayer, hace 15 a\u00f1os atr\u00e1s, se inaugur\u00f3\u00a0el Museo de Sitio \u00abBatalla de Obligado\u00bb, primer \u00e1mbito cultural creado en la localidad donde se libr\u00f3 la hist\u00f3rica batalla que rinde homenaje a aquel hito hist\u00f3rico nacional.<\/p>\n\n\n\n<p>Desde Mayo de 2008 hasta Noviembre del mismo a\u00f1o, un reducido grupo de personas conformado por empleados de la Direcci\u00f3n de Cultura de aquellos a\u00f1os e integrantes del Grupo Conservacionista de F\u00f3siles, bajo la direcci\u00f3n de Jos\u00e9 Luis Aguilar, restauraron y ambientaron la vieja proveedur\u00eda abandonada que estaba en el parque hist\u00f3rico.<\/p>\n\n\n\n<p>En conjunto con vecinos de la localidad, la transformaron en un peque\u00f1o museo y reunieron la colecci\u00f3n que desde aquellos d\u00edas disfrutan sampedrinos y visitantes.&nbsp;<\/p>\n\n\n\n<p>Se descubrieron objetos, documentos hist\u00f3ricos y otros elementos de valor did\u00e1ctico con los que se difundieron los detalles del combate de 1845.<\/p>\n\n\n\n<p>Miles de visitantes han recorrido este espacio en estos 15 a\u00f1os de vida, aprendiendo gracias a la ardua tarea emprendida desde aquellos d\u00edas en los que ni siquiera exist\u00eda el parque como hoy lo conocemos.<\/p>\n\n\n\n<p>Decenas de grupos escolares recorren el lugar y miles de turistas frecuentan el sitio que fue pensado por el Grupo Conservacionista, con el acompa\u00f1amiento, en aquellos d\u00edas, de la decisi\u00f3n del Ejecutivo Municipal, a trav\u00e9s de la Direcci\u00f3n de Cultura y la Secretar\u00eda de Desarrollo Humano.<\/p>\n\n\n\n<p>\u00ab<strong><em>Agradecemos profundamente a todas las familias de Obligado que estuvieron junto a nosotros y apostaron a que la localidad rindiera un claro homenaje a aquella gesta; a\u00f1adiendo valores educativos y culturales a la ya hermosa naturaleza que rodea al lugar<\/em><\/strong>\u00ab, expresan\u00a0desde el equipo del Museo Paleontol\u00f3gico de San Pedro.<\/p>\n\n\n\n<figure class=\"wp-block-image size-full\"><img decoding=\"async\" width=\"840\" height=\"630\" data-attachment-id=\"124110\" data-permalink=\"https:\/\/eldiariodesanpedro.com.ar\/sitio\/se-cumplieron-15-anos-de-la-creacion-del-museo-de-sitio-batalla-de-obligado\/obligado-2\/\" data-orig-file=\"https:\/\/eldiariodesanpedro.com.ar\/sitio\/wp-content\/uploads\/2023\/11\/OBLIGADO-2.jpg\" data-orig-size=\"840,630\" data-comments-opened=\"0\" data-image-meta=\"{&quot;aperture&quot;:&quot;2.8&quot;,&quot;credit&quot;:&quot;&quot;,&quot;camera&quot;:&quot;DSC-S730&quot;,&quot;caption&quot;:&quot;&quot;,&quot;created_timestamp&quot;:&quot;1210953132&quot;,&quot;copyright&quot;:&quot;&quot;,&quot;focal_length&quot;:&quot;5.8&quot;,&quot;iso&quot;:&quot;400&quot;,&quot;shutter_speed&quot;:&quot;0.025&quot;,&quot;title&quot;:&quot;&quot;,&quot;orientation&quot;:&quot;1&quot;}\" data-image-title=\"OBLIGADO 2\" data-image-description=\"\" data-image-caption=\"\" data-large-file=\"https:\/\/eldiariodesanpedro.com.ar\/sitio\/wp-content\/uploads\/2023\/11\/OBLIGADO-2.jpg\" data-src=\"https:\/\/eldiariodesanpedro.com.ar\/sitio\/wp-content\/uploads\/2023\/11\/OBLIGADO-2.jpg\" alt=\"\" class=\"wp-image-124110 lazyload\" data-srcset=\"https:\/\/eldiariodesanpedro.com.ar\/sitio\/wp-content\/uploads\/2023\/11\/OBLIGADO-2.jpg 840w, https:\/\/eldiariodesanpedro.com.ar\/sitio\/wp-content\/uploads\/2023\/11\/OBLIGADO-2-300x225.jpg 300w, https:\/\/eldiariodesanpedro.com.ar\/sitio\/wp-content\/uploads\/2023\/11\/OBLIGADO-2-768x576.jpg 768w, https:\/\/eldiariodesanpedro.com.ar\/sitio\/wp-content\/uploads\/2023\/11\/OBLIGADO-2-272x204.jpg 272w\" data-sizes=\"(max-width: 840px) 100vw, 840px\" src=\"data:image\/svg+xml;base64,PHN2ZyB3aWR0aD0iMSIgaGVpZ2h0PSIxIiB4bWxucz0iaHR0cDovL3d3dy53My5vcmcvMjAwMC9zdmciPjwvc3ZnPg==\" style=\"--smush-placeholder-width: 840px; --smush-placeholder-aspect-ratio: 840\/630;\" \/><\/figure>\n\n\n\n<figure class=\"wp-block-image size-large\"><img decoding=\"async\" width=\"1024\" height=\"583\" data-attachment-id=\"124109\" data-permalink=\"https:\/\/eldiariodesanpedro.com.ar\/sitio\/se-cumplieron-15-anos-de-la-creacion-del-museo-de-sitio-batalla-de-obligado\/grupal-fin-de-museo-batalla-21-11-2008\/\" data-orig-file=\"https:\/\/eldiariodesanpedro.com.ar\/sitio\/wp-content\/uploads\/2023\/11\/Grupal-fin-de-museo-batalla-21-11-2008.jpg\" data-orig-size=\"1107,630\" data-comments-opened=\"0\" data-image-meta=\"{&quot;aperture&quot;:&quot;0&quot;,&quot;credit&quot;:&quot;&quot;,&quot;camera&quot;:&quot;&quot;,&quot;caption&quot;:&quot;&quot;,&quot;created_timestamp&quot;:&quot;0&quot;,&quot;copyright&quot;:&quot;&quot;,&quot;focal_length&quot;:&quot;0&quot;,&quot;iso&quot;:&quot;0&quot;,&quot;shutter_speed&quot;:&quot;0&quot;,&quot;title&quot;:&quot;&quot;,&quot;orientation&quot;:&quot;0&quot;}\" data-image-title=\"Grupal fin de museo batalla 21-11-2008\" data-image-description=\"\" data-image-caption=\"\" data-large-file=\"https:\/\/eldiariodesanpedro.com.ar\/sitio\/wp-content\/uploads\/2023\/11\/Grupal-fin-de-museo-batalla-21-11-2008-1024x583.jpg\" data-src=\"https:\/\/eldiariodesanpedro.com.ar\/sitio\/wp-content\/uploads\/2023\/11\/Grupal-fin-de-museo-batalla-21-11-2008-1024x583.jpg\" alt=\"\" class=\"wp-image-124109 lazyload\" data-srcset=\"https:\/\/eldiariodesanpedro.com.ar\/sitio\/wp-content\/uploads\/2023\/11\/Grupal-fin-de-museo-batalla-21-11-2008-1024x583.jpg 1024w, https:\/\/eldiariodesanpedro.com.ar\/sitio\/wp-content\/uploads\/2023\/11\/Grupal-fin-de-museo-batalla-21-11-2008-300x171.jpg 300w, https:\/\/eldiariodesanpedro.com.ar\/sitio\/wp-content\/uploads\/2023\/11\/Grupal-fin-de-museo-batalla-21-11-2008-768x437.jpg 768w, https:\/\/eldiariodesanpedro.com.ar\/sitio\/wp-content\/uploads\/2023\/11\/Grupal-fin-de-museo-batalla-21-11-2008.jpg 1107w\" data-sizes=\"(max-width: 1024px) 100vw, 1024px\" src=\"data:image\/svg+xml;base64,PHN2ZyB3aWR0aD0iMSIgaGVpZ2h0PSIxIiB4bWxucz0iaHR0cDovL3d3dy53My5vcmcvMjAwMC9zdmciPjwvc3ZnPg==\" style=\"--smush-placeholder-width: 1024px; --smush-placeholder-aspect-ratio: 1024\/583;\" \/><\/figure>\n","protected":false},"excerpt":{"rendered":"<p>Ayer, hace 15 a\u00f1os atr\u00e1s, se inaugur\u00f3\u00a0el Museo de Sitio \u00abBatalla de Obligado\u00bb, primer \u00e1mbito cultural creado en la localidad donde se libr\u00f3 la hist\u00f3rica batalla que rinde homenaje a aquel hito hist\u00f3rico nacional. Desde Mayo de 2008 hasta Noviembre del mismo a\u00f1o, un reducido grupo de personas conformado por empleados de la Direcci\u00f3n de [&hellip;]<\/p>\n","protected":false},"author":4,"featured_media":124111,"comment_status":"closed","ping_status":"closed","sticky":false,"template":"","format":"standard","meta":{"om_disable_all_campaigns":false,"_jetpack_memberships_contains_paid_content":false,"footnotes":""},"categories":[50,101,2],"tags":[197,696,33,19],"class_list":["post-124108","post","type-post","status-publish","format-standard","has-post-thumbnail","hentry","category-destacadas","category-interes-general-locales","category-locales","tag-buenos-aires","tag-interes-general","tag-locales","tag-san-pedro"],"aioseo_notices":[],"gutentor_comment":0,"jetpack_featured_media_url":"https:\/\/eldiariodesanpedro.com.ar\/sitio\/wp-content\/uploads\/2023\/11\/OBLIGADO.jpg","jetpack_shortlink":"https:\/\/wp.me\/p6RhLt-whK","jetpack_sharing_enabled":true,"_links":{"self":[{"href":"https:\/\/eldiariodesanpedro.com.ar\/sitio\/wp-json\/wp\/v2\/posts\/124108","targetHints":{"allow":["GET"]}}],"collection":[{"href":"https:\/\/eldiariodesanpedro.com.ar\/sitio\/wp-json\/wp\/v2\/posts"}],"about":[{"href":"https:\/\/eldiariodesanpedro.com.ar\/sitio\/wp-json\/wp\/v2\/types\/post"}],"author":[{"embeddable":true,"href":"https:\/\/eldiariodesanpedro.com.ar\/sitio\/wp-json\/wp\/v2\/users\/4"}],"replies":[{"embeddable":true,"href":"https:\/\/eldiariodesanpedro.com.ar\/sitio\/wp-json\/wp\/v2\/comments?post=124108"}],"version-history":[{"count":2,"href":"https:\/\/eldiariodesanpedro.com.ar\/sitio\/wp-json\/wp\/v2\/posts\/124108\/revisions"}],"predecessor-version":[{"id":124113,"href":"https:\/\/eldiariodesanpedro.com.ar\/sitio\/wp-json\/wp\/v2\/posts\/124108\/revisions\/124113"}],"wp:featuredmedia":[{"embeddable":true,"href":"https:\/\/eldiariodesanpedro.com.ar\/sitio\/wp-json\/wp\/v2\/media\/124111"}],"wp:attachment":[{"href":"https:\/\/eldiariodesanpedro.com.ar\/sitio\/wp-json\/wp\/v2\/media?parent=124108"}],"wp:term":[{"taxonomy":"category","embeddable":true,"href":"https:\/\/eldiariodesanpedro.com.ar\/sitio\/wp-json\/wp\/v2\/categories?post=124108"},{"taxonomy":"post_tag","embeddable":true,"href":"https:\/\/eldiariodesanpedro.com.ar\/sitio\/wp-json\/wp\/v2\/tags?post=124108"}],"curies":[{"name":"wp","href":"https:\/\/api.w.org\/{rel}","templated":true}]}}