{"id":124096,"date":"2023-11-21T21:03:07","date_gmt":"2023-11-22T00:03:07","guid":{"rendered":"https:\/\/eldiariodesanpedro.com.ar\/sitio\/?p=124096"},"modified":"2023-11-21T21:03:09","modified_gmt":"2023-11-22T00:03:09","slug":"finalizacion-de-temporada-de-frutas-citrica-magnifresh-s-a","status":"publish","type":"post","link":"https:\/\/eldiariodesanpedro.com.ar\/sitio\/finalizacion-de-temporada-de-frutas-citrica-magnifresh-s-a\/","title":{"rendered":"Finalizaci\u00f3n de Temporada de Frutas C\u00edtrica Magnifresh S.A."},"content":{"rendered":"<!-- VideographyWP Plugin Message: Automatic video embedding prevented by plugin options. -->\n\n<p class=\"has-text-align-center\"><strong>MAGNIFRESH S.A.<\/strong><\/p>\n\n\n\n<p>La empresa notifica por este medio a todo el personal que a partir del d\u00eda 22\/11\/2023 finaliza la temporada de fruta c\u00edtrica del per\u00edodo 2023, produciendo la extinci\u00f3n de los contratos correspondientes. Se notifica la finalizaci\u00f3n de la misma dando cumplimiento con lo determinado en la ley 20.744.<\/p>\n","protected":false},"excerpt":{"rendered":"<p>MAGNIFRESH S.A. La empresa notifica por este medio a todo el personal que a partir del d\u00eda 22\/11\/2023 finaliza la temporada de fruta c\u00edtrica del per\u00edodo 2023, produciendo la extinci\u00f3n de los contratos correspondientes. Se notifica la finalizaci\u00f3n de la misma dando cumplimiento con lo determinado en la ley 20.744.<\/p>\n","protected":false},"author":4,"featured_media":124097,"comment_status":"closed","ping_status":"closed","sticky":false,"template":"","format":"standard","meta":{"om_disable_all_campaigns":false,"_jetpack_memberships_contains_paid_content":false,"footnotes":""},"categories":[678,676],"tags":[4609],"class_list":["post-124096","post","type-post","status-publish","format-standard","has-post-thumbnail","hentry","category-convocatorias","category-edictos","tag-finalizacion-de-temporada-de-frutas-citrica-magnifresh-s-a"],"aioseo_notices":[],"gutentor_comment":0,"jetpack_featured_media_url":"https:\/\/eldiariodesanpedro.com.ar\/sitio\/wp-content\/uploads\/2023\/11\/Magnifresh-noviembre-2023.png","jetpack_shortlink":"https:\/\/wp.me\/p6RhLt-why","jetpack_sharing_enabled":true,"_links":{"self":[{"href":"https:\/\/eldiariodesanpedro.com.ar\/sitio\/wp-json\/wp\/v2\/posts\/124096","targetHints":{"allow":["GET"]}}],"collection":[{"href":"https:\/\/eldiariodesanpedro.com.ar\/sitio\/wp-json\/wp\/v2\/posts"}],"about":[{"href":"https:\/\/eldiariodesanpedro.com.ar\/sitio\/wp-json\/wp\/v2\/types\/post"}],"author":[{"embeddable":true,"href":"https:\/\/eldiariodesanpedro.com.ar\/sitio\/wp-json\/wp\/v2\/users\/4"}],"replies":[{"embeddable":true,"href":"https:\/\/eldiariodesanpedro.com.ar\/sitio\/wp-json\/wp\/v2\/comments?post=124096"}],"version-history":[{"count":1,"href":"https:\/\/eldiariodesanpedro.com.ar\/sitio\/wp-json\/wp\/v2\/posts\/124096\/revisions"}],"predecessor-version":[{"id":124098,"href":"https:\/\/eldiariodesanpedro.com.ar\/sitio\/wp-json\/wp\/v2\/posts\/124096\/revisions\/124098"}],"wp:featuredmedia":[{"embeddable":true,"href":"https:\/\/eldiariodesanpedro.com.ar\/sitio\/wp-json\/wp\/v2\/media\/124097"}],"wp:attachment":[{"href":"https:\/\/eldiariodesanpedro.com.ar\/sitio\/wp-json\/wp\/v2\/media?parent=124096"}],"wp:term":[{"taxonomy":"category","embeddable":true,"href":"https:\/\/eldiariodesanpedro.com.ar\/sitio\/wp-json\/wp\/v2\/categories?post=124096"},{"taxonomy":"post_tag","embeddable":true,"href":"https:\/\/eldiariodesanpedro.com.ar\/sitio\/wp-json\/wp\/v2\/tags?post=124096"}],"curies":[{"name":"wp","href":"https:\/\/api.w.org\/{rel}","templated":true}]}}