{"id":124092,"date":"2023-11-21T19:51:10","date_gmt":"2023-11-21T22:51:10","guid":{"rendered":"https:\/\/eldiariodesanpedro.com.ar\/sitio\/?p=124092"},"modified":"2023-11-21T19:51:14","modified_gmt":"2023-11-21T22:51:14","slug":"robo-de-una-motocicleta-esta-tarde-fue-recuperada-rapidamente-por-la-policia","status":"publish","type":"post","link":"https:\/\/eldiariodesanpedro.com.ar\/sitio\/robo-de-una-motocicleta-esta-tarde-fue-recuperada-rapidamente-por-la-policia\/","title":{"rendered":"Robo de una motocicleta esta tarde, fue recuperada r\u00e1pidamente por la polic\u00eda"},"content":{"rendered":"<!-- VideographyWP Plugin Message: Automatic video embedding prevented by plugin options. -->\n\n<p>En la tarde de este martes un joven delincuente se robo una motocicleta y gracias a un vecino, que llamo a la polic\u00eda fue recuperada  las pocas cuadras.<\/p>\n\n\n\n<p>El hecho ocurri\u00f3 esta tarde de martes alrededor de las 15:30 hs cuando un delincuente joven que circulaba por calle Alvarado al 300 donde se encontraba estacionada una motocicleta 110 cc, decide robarla y llev\u00e1rsela caminando, un vecino que casualmente ve como este delincuente se lleva la motocicleta  llama a la polic\u00eda y dos cuadras despu\u00e9s es alcanzo por el m\u00f3vil de los efectivos.<\/p>\n\n\n\n<p>El joven fue trasladado a la comisaria y la motocicleta recupera entregada a sus propietarios.<\/p>\n\n\n\n<iframe data-src=\"https:\/\/www.facebook.com\/plugins\/video.php?height=314&#038;href=https%3A%2F%2Fwww.facebook.com%2Fdiariosp2%2Fvideos%2F332105662776674%2F&#038;show_text=false&#038;width=560&#038;t=0\" width=\"560\" height=\"314\" style=\"border:none;overflow:hidden\" scrolling=\"no\" frameborder=\"0\" allowfullscreen=\"true\" allow=\"autoplay; clipboard-write; encrypted-media; picture-in-picture; web-share\" allowFullScreen=\"true\" src=\"data:image\/svg+xml;base64,PHN2ZyB3aWR0aD0iMSIgaGVpZ2h0PSIxIiB4bWxucz0iaHR0cDovL3d3dy53My5vcmcvMjAwMC9zdmciPjwvc3ZnPg==\" class=\"lazyload\" data-load-mode=\"1\"><\/iframe>\n","protected":false},"excerpt":{"rendered":"<p>En la tarde de este martes un joven delincuente se robo una motocicleta y gracias a un vecino, que llamo a la polic\u00eda fue recuperada las pocas cuadras. El hecho ocurri\u00f3 esta tarde de martes alrededor de las 15:30 hs cuando un delincuente joven que circulaba por calle Alvarado al 300 donde se encontraba estacionada [&hellip;]<\/p>\n","protected":false},"author":4,"featured_media":124093,"comment_status":"closed","ping_status":"closed","sticky":false,"template":"","format":"standard","meta":{"om_disable_all_campaigns":false,"_jetpack_memberships_contains_paid_content":false,"footnotes":""},"categories":[50,2,103],"tags":[197,33,95,19],"class_list":["post-124092","post","type-post","status-publish","format-standard","has-post-thumbnail","hentry","category-destacadas","category-locales","category-policiales-locales","tag-buenos-aires","tag-locales","tag-policiales","tag-san-pedro"],"aioseo_notices":[],"gutentor_comment":0,"jetpack_featured_media_url":"https:\/\/eldiariodesanpedro.com.ar\/sitio\/wp-content\/uploads\/2023\/11\/1-1.png","jetpack_shortlink":"https:\/\/wp.me\/p6RhLt-whu","jetpack_sharing_enabled":true,"_links":{"self":[{"href":"https:\/\/eldiariodesanpedro.com.ar\/sitio\/wp-json\/wp\/v2\/posts\/124092","targetHints":{"allow":["GET"]}}],"collection":[{"href":"https:\/\/eldiariodesanpedro.com.ar\/sitio\/wp-json\/wp\/v2\/posts"}],"about":[{"href":"https:\/\/eldiariodesanpedro.com.ar\/sitio\/wp-json\/wp\/v2\/types\/post"}],"author":[{"embeddable":true,"href":"https:\/\/eldiariodesanpedro.com.ar\/sitio\/wp-json\/wp\/v2\/users\/4"}],"replies":[{"embeddable":true,"href":"https:\/\/eldiariodesanpedro.com.ar\/sitio\/wp-json\/wp\/v2\/comments?post=124092"}],"version-history":[{"count":1,"href":"https:\/\/eldiariodesanpedro.com.ar\/sitio\/wp-json\/wp\/v2\/posts\/124092\/revisions"}],"predecessor-version":[{"id":124094,"href":"https:\/\/eldiariodesanpedro.com.ar\/sitio\/wp-json\/wp\/v2\/posts\/124092\/revisions\/124094"}],"wp:featuredmedia":[{"embeddable":true,"href":"https:\/\/eldiariodesanpedro.com.ar\/sitio\/wp-json\/wp\/v2\/media\/124093"}],"wp:attachment":[{"href":"https:\/\/eldiariodesanpedro.com.ar\/sitio\/wp-json\/wp\/v2\/media?parent=124092"}],"wp:term":[{"taxonomy":"category","embeddable":true,"href":"https:\/\/eldiariodesanpedro.com.ar\/sitio\/wp-json\/wp\/v2\/categories?post=124092"},{"taxonomy":"post_tag","embeddable":true,"href":"https:\/\/eldiariodesanpedro.com.ar\/sitio\/wp-json\/wp\/v2\/tags?post=124092"}],"curies":[{"name":"wp","href":"https:\/\/api.w.org\/{rel}","templated":true}]}}