{"id":124081,"date":"2023-11-21T16:52:43","date_gmt":"2023-11-21T19:52:43","guid":{"rendered":"https:\/\/eldiariodesanpedro.com.ar\/sitio\/?p=124081"},"modified":"2023-11-21T16:52:45","modified_gmt":"2023-11-21T19:52:45","slug":"incendio-en-un-comercio-de-la-zona-centrica","status":"publish","type":"post","link":"https:\/\/eldiariodesanpedro.com.ar\/sitio\/incendio-en-un-comercio-de-la-zona-centrica\/","title":{"rendered":"Incendio en un comercio de la zona c\u00e9ntrica"},"content":{"rendered":"<!-- VideographyWP Plugin Message: Automatic video embedding prevented by plugin options. -->\n\n<p>En la tarde de este martes ocurri\u00f3 un incendio en la zona c\u00e9ntrica de nuestra ciudad donde se vio involucrado un comercio del rubro polleria.<\/p>\n\n\n\n<p>Alrededor de las 16 hs una dotaci\u00f3n de bomberos voluntarios se hizo presente en un comercio ubicado en calle Salta y Ruiz Moreno donde por razones que se tratan de establecer ocurri\u00f3  un incendio que afortunadamente no hubo que lamentar grandes perdidas.<\/p>\n\n\n\n<p>Al momento del inicio del incendio no se encontraba nadie, y el fuego habr\u00eda comenzado en una heladera.<\/p>\n\n\n\n<figure class=\"wp-block-image size-large\"><img decoding=\"async\" width=\"1024\" height=\"576\" data-attachment-id=\"124086\" data-permalink=\"https:\/\/eldiariodesanpedro.com.ar\/sitio\/incendio-en-un-comercio-de-la-zona-centrica\/imagen-de-whatsapp-2023-11-21-a-las-16-40-07_1ab5e98c\/\" data-orig-file=\"https:\/\/eldiariodesanpedro.com.ar\/sitio\/wp-content\/uploads\/2023\/11\/Imagen-de-WhatsApp-2023-11-21-a-las-16.40.07_1ab5e98c.jpg\" data-orig-size=\"1120,630\" data-comments-opened=\"0\" data-image-meta=\"{&quot;aperture&quot;:&quot;0&quot;,&quot;credit&quot;:&quot;&quot;,&quot;camera&quot;:&quot;&quot;,&quot;caption&quot;:&quot;&quot;,&quot;created_timestamp&quot;:&quot;0&quot;,&quot;copyright&quot;:&quot;&quot;,&quot;focal_length&quot;:&quot;0&quot;,&quot;iso&quot;:&quot;0&quot;,&quot;shutter_speed&quot;:&quot;0&quot;,&quot;title&quot;:&quot;&quot;,&quot;orientation&quot;:&quot;0&quot;}\" data-image-title=\"Imagen de WhatsApp 2023-11-21 a las 16.40.07_1ab5e98c\" data-image-description=\"\" data-image-caption=\"\" data-large-file=\"https:\/\/eldiariodesanpedro.com.ar\/sitio\/wp-content\/uploads\/2023\/11\/Imagen-de-WhatsApp-2023-11-21-a-las-16.40.07_1ab5e98c-1024x576.jpg\" data-src=\"https:\/\/eldiariodesanpedro.com.ar\/sitio\/wp-content\/uploads\/2023\/11\/Imagen-de-WhatsApp-2023-11-21-a-las-16.40.07_1ab5e98c-1024x576.jpg\" alt=\"\" class=\"wp-image-124086 lazyload\" data-srcset=\"https:\/\/eldiariodesanpedro.com.ar\/sitio\/wp-content\/uploads\/2023\/11\/Imagen-de-WhatsApp-2023-11-21-a-las-16.40.07_1ab5e98c-1024x576.jpg 1024w, https:\/\/eldiariodesanpedro.com.ar\/sitio\/wp-content\/uploads\/2023\/11\/Imagen-de-WhatsApp-2023-11-21-a-las-16.40.07_1ab5e98c-300x169.jpg 300w, https:\/\/eldiariodesanpedro.com.ar\/sitio\/wp-content\/uploads\/2023\/11\/Imagen-de-WhatsApp-2023-11-21-a-las-16.40.07_1ab5e98c-768x432.jpg 768w, https:\/\/eldiariodesanpedro.com.ar\/sitio\/wp-content\/uploads\/2023\/11\/Imagen-de-WhatsApp-2023-11-21-a-las-16.40.07_1ab5e98c.jpg 1120w\" data-sizes=\"(max-width: 1024px) 100vw, 1024px\" src=\"data:image\/svg+xml;base64,PHN2ZyB3aWR0aD0iMSIgaGVpZ2h0PSIxIiB4bWxucz0iaHR0cDovL3d3dy53My5vcmcvMjAwMC9zdmciPjwvc3ZnPg==\" style=\"--smush-placeholder-width: 1024px; --smush-placeholder-aspect-ratio: 1024\/576;\" \/><\/figure>\n\n\n\n<figure class=\"wp-block-image size-large\"><img decoding=\"async\" width=\"1024\" height=\"576\" data-attachment-id=\"124090\" data-permalink=\"https:\/\/eldiariodesanpedro.com.ar\/sitio\/incendio-en-un-comercio-de-la-zona-centrica\/imagen-de-whatsapp-2023-11-21-a-las-16-40-09_84fe0671\/\" data-orig-file=\"https:\/\/eldiariodesanpedro.com.ar\/sitio\/wp-content\/uploads\/2023\/11\/Imagen-de-WhatsApp-2023-11-21-a-las-16.40.09_84fe0671.jpg\" data-orig-size=\"1120,630\" data-comments-opened=\"0\" data-image-meta=\"{&quot;aperture&quot;:&quot;0&quot;,&quot;credit&quot;:&quot;&quot;,&quot;camera&quot;:&quot;&quot;,&quot;caption&quot;:&quot;&quot;,&quot;created_timestamp&quot;:&quot;0&quot;,&quot;copyright&quot;:&quot;&quot;,&quot;focal_length&quot;:&quot;0&quot;,&quot;iso&quot;:&quot;0&quot;,&quot;shutter_speed&quot;:&quot;0&quot;,&quot;title&quot;:&quot;&quot;,&quot;orientation&quot;:&quot;0&quot;}\" data-image-title=\"Imagen de WhatsApp 2023-11-21 a las 16.40.09_84fe0671\" data-image-description=\"\" data-image-caption=\"\" data-large-file=\"https:\/\/eldiariodesanpedro.com.ar\/sitio\/wp-content\/uploads\/2023\/11\/Imagen-de-WhatsApp-2023-11-21-a-las-16.40.09_84fe0671-1024x576.jpg\" data-src=\"https:\/\/eldiariodesanpedro.com.ar\/sitio\/wp-content\/uploads\/2023\/11\/Imagen-de-WhatsApp-2023-11-21-a-las-16.40.09_84fe0671-1024x576.jpg\" alt=\"\" class=\"wp-image-124090 lazyload\" data-srcset=\"https:\/\/eldiariodesanpedro.com.ar\/sitio\/wp-content\/uploads\/2023\/11\/Imagen-de-WhatsApp-2023-11-21-a-las-16.40.09_84fe0671-1024x576.jpg 1024w, https:\/\/eldiariodesanpedro.com.ar\/sitio\/wp-content\/uploads\/2023\/11\/Imagen-de-WhatsApp-2023-11-21-a-las-16.40.09_84fe0671-300x169.jpg 300w, https:\/\/eldiariodesanpedro.com.ar\/sitio\/wp-content\/uploads\/2023\/11\/Imagen-de-WhatsApp-2023-11-21-a-las-16.40.09_84fe0671-768x432.jpg 768w, https:\/\/eldiariodesanpedro.com.ar\/sitio\/wp-content\/uploads\/2023\/11\/Imagen-de-WhatsApp-2023-11-21-a-las-16.40.09_84fe0671.jpg 1120w\" data-sizes=\"(max-width: 1024px) 100vw, 1024px\" src=\"data:image\/svg+xml;base64,PHN2ZyB3aWR0aD0iMSIgaGVpZ2h0PSIxIiB4bWxucz0iaHR0cDovL3d3dy53My5vcmcvMjAwMC9zdmciPjwvc3ZnPg==\" style=\"--smush-placeholder-width: 1024px; --smush-placeholder-aspect-ratio: 1024\/576;\" \/><\/figure>\n","protected":false},"excerpt":{"rendered":"<p>En la tarde de este martes ocurri\u00f3 un incendio en la zona c\u00e9ntrica de nuestra ciudad donde se vio involucrado un comercio del rubro polleria. Alrededor de las 16 hs una dotaci\u00f3n de bomberos voluntarios se hizo presente en un comercio ubicado en calle Salta y Ruiz Moreno donde por razones que se tratan de [&hellip;]<\/p>\n","protected":false},"author":4,"featured_media":124089,"comment_status":"closed","ping_status":"closed","sticky":false,"template":"","format":"standard","meta":{"om_disable_all_campaigns":false,"_jetpack_memberships_contains_paid_content":false,"footnotes":""},"categories":[50,2,103],"tags":[4608],"class_list":["post-124081","post","type-post","status-publish","format-standard","has-post-thumbnail","hentry","category-destacadas","category-locales","category-policiales-locales","tag-incendio-en-un-comercio-de-la-zona-centrica"],"aioseo_notices":[],"gutentor_comment":0,"jetpack_featured_media_url":"https:\/\/eldiariodesanpedro.com.ar\/sitio\/wp-content\/uploads\/2023\/11\/Imagen-de-WhatsApp-2023-11-21-a-las-16.40.09_0b2ab48b.jpg","jetpack_shortlink":"https:\/\/wp.me\/p6RhLt-whj","jetpack_sharing_enabled":true,"_links":{"self":[{"href":"https:\/\/eldiariodesanpedro.com.ar\/sitio\/wp-json\/wp\/v2\/posts\/124081","targetHints":{"allow":["GET"]}}],"collection":[{"href":"https:\/\/eldiariodesanpedro.com.ar\/sitio\/wp-json\/wp\/v2\/posts"}],"about":[{"href":"https:\/\/eldiariodesanpedro.com.ar\/sitio\/wp-json\/wp\/v2\/types\/post"}],"author":[{"embeddable":true,"href":"https:\/\/eldiariodesanpedro.com.ar\/sitio\/wp-json\/wp\/v2\/users\/4"}],"replies":[{"embeddable":true,"href":"https:\/\/eldiariodesanpedro.com.ar\/sitio\/wp-json\/wp\/v2\/comments?post=124081"}],"version-history":[{"count":1,"href":"https:\/\/eldiariodesanpedro.com.ar\/sitio\/wp-json\/wp\/v2\/posts\/124081\/revisions"}],"predecessor-version":[{"id":124091,"href":"https:\/\/eldiariodesanpedro.com.ar\/sitio\/wp-json\/wp\/v2\/posts\/124081\/revisions\/124091"}],"wp:featuredmedia":[{"embeddable":true,"href":"https:\/\/eldiariodesanpedro.com.ar\/sitio\/wp-json\/wp\/v2\/media\/124089"}],"wp:attachment":[{"href":"https:\/\/eldiariodesanpedro.com.ar\/sitio\/wp-json\/wp\/v2\/media?parent=124081"}],"wp:term":[{"taxonomy":"category","embeddable":true,"href":"https:\/\/eldiariodesanpedro.com.ar\/sitio\/wp-json\/wp\/v2\/categories?post=124081"},{"taxonomy":"post_tag","embeddable":true,"href":"https:\/\/eldiariodesanpedro.com.ar\/sitio\/wp-json\/wp\/v2\/tags?post=124081"}],"curies":[{"name":"wp","href":"https:\/\/api.w.org\/{rel}","templated":true}]}}