{"id":124078,"date":"2023-11-21T15:09:17","date_gmt":"2023-11-21T18:09:17","guid":{"rendered":"https:\/\/eldiariodesanpedro.com.ar\/sitio\/?p=124078"},"modified":"2023-11-21T15:09:19","modified_gmt":"2023-11-21T18:09:19","slug":"trataron-de-robar-cables-de-alta-tension-y-recibieron-una-descarga-electrica","status":"publish","type":"post","link":"https:\/\/eldiariodesanpedro.com.ar\/sitio\/trataron-de-robar-cables-de-alta-tension-y-recibieron-una-descarga-electrica\/","title":{"rendered":"Trataron de robar cables de alta tensi\u00f3n y recibieron una descarga el\u00e9ctrica"},"content":{"rendered":"<!-- VideographyWP Plugin Message: Automatic video embedding prevented by plugin options. -->\n\n<p>Delicuentes que intentaron robar cables de alta tensi\u00f3n de una l\u00ednea ubicada en el acceso a Gobernador Castro por la Ruta 9 recibieron una descarga el\u00e9ctrica y fueron detenidos.&nbsp;<\/p>\n\n\n\n<p>Los dos ladrones trataban de cortar el cableado del tendido el\u00e9ctrico con una sierra, cuando uno de ellos se electrocut\u00f3.&nbsp;<a><\/a><\/p>\n\n\n\n<p>Una ambulancia lo traslad\u00f3 hasta el Hospital Subzonal \u00abDr. Emilio Ruffa\u00bb, en donde permanec\u00eda internado hasta esta ma\u00f1ana en la Unidad de Terapia Intensiva con custodia policial.&nbsp;<\/p>\n\n\n\n<p>Su c\u00f3mplice fue detenido y qued\u00f3 alojado en los calabozos de la Comisar\u00eda local, a la espera de las resoluciones que adopte la Justicia.&nbsp;<\/p>\n\n\n\n<p>Ambos son oriundos de Villa Constituci\u00f3n, provincia de Santa Fe.<\/p>\n","protected":false},"excerpt":{"rendered":"<p>Delicuentes que intentaron robar cables de alta tensi\u00f3n de una l\u00ednea ubicada en el acceso a Gobernador Castro por la Ruta 9 recibieron una descarga el\u00e9ctrica y fueron detenidos.&nbsp; Los dos ladrones trataban de cortar el cableado del tendido el\u00e9ctrico con una sierra, cuando uno de ellos se electrocut\u00f3.&nbsp; Una ambulancia lo traslad\u00f3 hasta el [&hellip;]<\/p>\n","protected":false},"author":4,"featured_media":124079,"comment_status":"closed","ping_status":"closed","sticky":false,"template":"","format":"standard","meta":{"om_disable_all_campaigns":false,"_jetpack_memberships_contains_paid_content":false,"footnotes":""},"categories":[50,2,103],"tags":[197,33,95,19],"class_list":["post-124078","post","type-post","status-publish","format-standard","has-post-thumbnail","hentry","category-destacadas","category-locales","category-policiales-locales","tag-buenos-aires","tag-locales","tag-policiales","tag-san-pedro"],"aioseo_notices":[],"gutentor_comment":0,"jetpack_featured_media_url":"https:\/\/eldiariodesanpedro.com.ar\/sitio\/wp-content\/uploads\/2023\/11\/Cables-robo-.jpg","jetpack_shortlink":"https:\/\/wp.me\/p6RhLt-whg","jetpack_sharing_enabled":true,"_links":{"self":[{"href":"https:\/\/eldiariodesanpedro.com.ar\/sitio\/wp-json\/wp\/v2\/posts\/124078","targetHints":{"allow":["GET"]}}],"collection":[{"href":"https:\/\/eldiariodesanpedro.com.ar\/sitio\/wp-json\/wp\/v2\/posts"}],"about":[{"href":"https:\/\/eldiariodesanpedro.com.ar\/sitio\/wp-json\/wp\/v2\/types\/post"}],"author":[{"embeddable":true,"href":"https:\/\/eldiariodesanpedro.com.ar\/sitio\/wp-json\/wp\/v2\/users\/4"}],"replies":[{"embeddable":true,"href":"https:\/\/eldiariodesanpedro.com.ar\/sitio\/wp-json\/wp\/v2\/comments?post=124078"}],"version-history":[{"count":1,"href":"https:\/\/eldiariodesanpedro.com.ar\/sitio\/wp-json\/wp\/v2\/posts\/124078\/revisions"}],"predecessor-version":[{"id":124080,"href":"https:\/\/eldiariodesanpedro.com.ar\/sitio\/wp-json\/wp\/v2\/posts\/124078\/revisions\/124080"}],"wp:featuredmedia":[{"embeddable":true,"href":"https:\/\/eldiariodesanpedro.com.ar\/sitio\/wp-json\/wp\/v2\/media\/124079"}],"wp:attachment":[{"href":"https:\/\/eldiariodesanpedro.com.ar\/sitio\/wp-json\/wp\/v2\/media?parent=124078"}],"wp:term":[{"taxonomy":"category","embeddable":true,"href":"https:\/\/eldiariodesanpedro.com.ar\/sitio\/wp-json\/wp\/v2\/categories?post=124078"},{"taxonomy":"post_tag","embeddable":true,"href":"https:\/\/eldiariodesanpedro.com.ar\/sitio\/wp-json\/wp\/v2\/tags?post=124078"}],"curies":[{"name":"wp","href":"https:\/\/api.w.org\/{rel}","templated":true}]}}