{"id":124074,"date":"2023-11-21T14:55:13","date_gmt":"2023-11-21T17:55:13","guid":{"rendered":"https:\/\/eldiariodesanpedro.com.ar\/sitio\/?p=124074"},"modified":"2023-11-21T14:55:15","modified_gmt":"2023-11-21T17:55:15","slug":"operativo-de-vacunacion-y-desparasitacion-en-rio-tala","status":"publish","type":"post","link":"https:\/\/eldiariodesanpedro.com.ar\/sitio\/operativo-de-vacunacion-y-desparasitacion-en-rio-tala\/","title":{"rendered":"Operativo de vacunaci\u00f3n y desparasitaci\u00f3n en R\u00edo Tala"},"content":{"rendered":"<!-- VideographyWP Plugin Message: Automatic video embedding prevented by plugin options. -->\n\n<p>El Departamento Canino, dependiente de la Secretar\u00eda de Salud, contin\u00faa con la campa\u00f1a de vacunaci\u00f3n para perros y gatos.&nbsp;<\/p>\n\n\n\n<p>Este jueves, entre las 9 y las 12.30 horas, el equipo del \u00e1rea se instalar\u00e1 en la plaza Juan Bautista Zucchi de R\u00edo Tala.&nbsp;<a><\/a><\/p>\n\n\n\n<p>Aquellos que deseen acercar sus mascotas deber\u00e1n hacerlo con collar, correa y bozal en caso de caninos y en bolso o manta los felinos. En caso de mal clima la actividad ser\u00e1 reprogramada.<\/p>\n","protected":false},"excerpt":{"rendered":"<p>El Departamento Canino, dependiente de la Secretar\u00eda de Salud, contin\u00faa con la campa\u00f1a de vacunaci\u00f3n para perros y gatos.&nbsp; Este jueves, entre las 9 y las 12.30 horas, el equipo del \u00e1rea se instalar\u00e1 en la plaza Juan Bautista Zucchi de R\u00edo Tala.&nbsp; Aquellos que deseen acercar sus mascotas deber\u00e1n hacerlo con collar, correa y [&hellip;]<\/p>\n","protected":false},"author":4,"featured_media":124075,"comment_status":"closed","ping_status":"closed","sticky":false,"template":"","format":"standard","meta":{"om_disable_all_campaigns":false,"_jetpack_memberships_contains_paid_content":false,"footnotes":""},"categories":[101,2],"tags":[],"class_list":["post-124074","post","type-post","status-publish","format-standard","has-post-thumbnail","hentry","category-interes-general-locales","category-locales"],"aioseo_notices":[],"gutentor_comment":0,"jetpack_featured_media_url":"https:\/\/eldiariodesanpedro.com.ar\/sitio\/wp-content\/uploads\/2023\/11\/Antiparasitacion-y-desparasitacion-.jpg","jetpack_shortlink":"https:\/\/wp.me\/p6RhLt-whc","jetpack_sharing_enabled":true,"_links":{"self":[{"href":"https:\/\/eldiariodesanpedro.com.ar\/sitio\/wp-json\/wp\/v2\/posts\/124074","targetHints":{"allow":["GET"]}}],"collection":[{"href":"https:\/\/eldiariodesanpedro.com.ar\/sitio\/wp-json\/wp\/v2\/posts"}],"about":[{"href":"https:\/\/eldiariodesanpedro.com.ar\/sitio\/wp-json\/wp\/v2\/types\/post"}],"author":[{"embeddable":true,"href":"https:\/\/eldiariodesanpedro.com.ar\/sitio\/wp-json\/wp\/v2\/users\/4"}],"replies":[{"embeddable":true,"href":"https:\/\/eldiariodesanpedro.com.ar\/sitio\/wp-json\/wp\/v2\/comments?post=124074"}],"version-history":[{"count":1,"href":"https:\/\/eldiariodesanpedro.com.ar\/sitio\/wp-json\/wp\/v2\/posts\/124074\/revisions"}],"predecessor-version":[{"id":124076,"href":"https:\/\/eldiariodesanpedro.com.ar\/sitio\/wp-json\/wp\/v2\/posts\/124074\/revisions\/124076"}],"wp:featuredmedia":[{"embeddable":true,"href":"https:\/\/eldiariodesanpedro.com.ar\/sitio\/wp-json\/wp\/v2\/media\/124075"}],"wp:attachment":[{"href":"https:\/\/eldiariodesanpedro.com.ar\/sitio\/wp-json\/wp\/v2\/media?parent=124074"}],"wp:term":[{"taxonomy":"category","embeddable":true,"href":"https:\/\/eldiariodesanpedro.com.ar\/sitio\/wp-json\/wp\/v2\/categories?post=124074"},{"taxonomy":"post_tag","embeddable":true,"href":"https:\/\/eldiariodesanpedro.com.ar\/sitio\/wp-json\/wp\/v2\/tags?post=124074"}],"curies":[{"name":"wp","href":"https:\/\/api.w.org\/{rel}","templated":true}]}}