{"id":124071,"date":"2023-11-21T14:40:57","date_gmt":"2023-11-21T17:40:57","guid":{"rendered":"https:\/\/eldiariodesanpedro.com.ar\/sitio\/?p=124071"},"modified":"2023-11-21T14:41:03","modified_gmt":"2023-11-21T17:41:03","slug":"un-herido-en-el-choque-entre-una-moto-y-un-auto","status":"publish","type":"post","link":"https:\/\/eldiariodesanpedro.com.ar\/sitio\/un-herido-en-el-choque-entre-una-moto-y-un-auto\/","title":{"rendered":"Un herido en el choque entre una moto y un auto"},"content":{"rendered":"<!-- VideographyWP Plugin Message: Automatic video embedding prevented by plugin options. -->\n\n<p>Un autom\u00f3vil y una motocicleta chocaron este lunes en la intersecci\u00f3n de las calles Depietri e Hip\u00f3lito Yrigoyen de la ciudad de San Pedro.<br>Un Renault Stepway conducido por un hombre mayor de edad choc\u00f3 con una motocicleta Gilera Smash de 110 cc.<br>Como consecuencia, el conductor del veh\u00edculo de menor porte fue trasladado con lesiones graves a la guardia del Hospital.<br>Los m\u00e9dicos confirmaron que no hay riesgo de vida, salvo complicaciones posteriores.<\/p>\n","protected":false},"excerpt":{"rendered":"<p>Un autom\u00f3vil y una motocicleta chocaron este lunes en la intersecci\u00f3n de las calles Depietri e Hip\u00f3lito Yrigoyen de la ciudad de San Pedro.Un Renault Stepway conducido por un hombre mayor de edad choc\u00f3 con una motocicleta Gilera Smash de 110 cc.Como consecuencia, el conductor del veh\u00edculo de menor porte fue trasladado con lesiones graves [&hellip;]<\/p>\n","protected":false},"author":4,"featured_media":124072,"comment_status":"closed","ping_status":"closed","sticky":false,"template":"","format":"standard","meta":{"om_disable_all_campaigns":false,"_jetpack_memberships_contains_paid_content":false,"footnotes":""},"categories":[2,103],"tags":[197,696,33,19],"class_list":["post-124071","post","type-post","status-publish","format-standard","has-post-thumbnail","hentry","category-locales","category-policiales-locales","tag-buenos-aires","tag-interes-general","tag-locales","tag-san-pedro"],"aioseo_notices":[],"gutentor_comment":0,"jetpack_featured_media_url":"https:\/\/eldiariodesanpedro.com.ar\/sitio\/wp-content\/uploads\/2023\/11\/Choque-Stepway-y-moto.jpg","jetpack_shortlink":"https:\/\/wp.me\/p6RhLt-wh9","jetpack_sharing_enabled":true,"_links":{"self":[{"href":"https:\/\/eldiariodesanpedro.com.ar\/sitio\/wp-json\/wp\/v2\/posts\/124071","targetHints":{"allow":["GET"]}}],"collection":[{"href":"https:\/\/eldiariodesanpedro.com.ar\/sitio\/wp-json\/wp\/v2\/posts"}],"about":[{"href":"https:\/\/eldiariodesanpedro.com.ar\/sitio\/wp-json\/wp\/v2\/types\/post"}],"author":[{"embeddable":true,"href":"https:\/\/eldiariodesanpedro.com.ar\/sitio\/wp-json\/wp\/v2\/users\/4"}],"replies":[{"embeddable":true,"href":"https:\/\/eldiariodesanpedro.com.ar\/sitio\/wp-json\/wp\/v2\/comments?post=124071"}],"version-history":[{"count":1,"href":"https:\/\/eldiariodesanpedro.com.ar\/sitio\/wp-json\/wp\/v2\/posts\/124071\/revisions"}],"predecessor-version":[{"id":124073,"href":"https:\/\/eldiariodesanpedro.com.ar\/sitio\/wp-json\/wp\/v2\/posts\/124071\/revisions\/124073"}],"wp:featuredmedia":[{"embeddable":true,"href":"https:\/\/eldiariodesanpedro.com.ar\/sitio\/wp-json\/wp\/v2\/media\/124072"}],"wp:attachment":[{"href":"https:\/\/eldiariodesanpedro.com.ar\/sitio\/wp-json\/wp\/v2\/media?parent=124071"}],"wp:term":[{"taxonomy":"category","embeddable":true,"href":"https:\/\/eldiariodesanpedro.com.ar\/sitio\/wp-json\/wp\/v2\/categories?post=124071"},{"taxonomy":"post_tag","embeddable":true,"href":"https:\/\/eldiariodesanpedro.com.ar\/sitio\/wp-json\/wp\/v2\/tags?post=124071"}],"curies":[{"name":"wp","href":"https:\/\/api.w.org\/{rel}","templated":true}]}}