{"id":124013,"date":"2023-11-16T11:18:18","date_gmt":"2023-11-16T14:18:18","guid":{"rendered":"https:\/\/eldiariodesanpedro.com.ar\/sitio\/?p=124013"},"modified":"2023-11-16T11:18:21","modified_gmt":"2023-11-16T14:18:21","slug":"la-descarga-de-hacienda-continua-en-el-puerto-y-una-arenera","status":"publish","type":"post","link":"https:\/\/eldiariodesanpedro.com.ar\/sitio\/la-descarga-de-hacienda-continua-en-el-puerto-y-una-arenera\/","title":{"rendered":"La descarga de hacienda contin\u00faa en el puerto y una arenera"},"content":{"rendered":"<!-- VideographyWP Plugin Message: Automatic video embedding prevented by plugin options. -->\n\n<p>La creciente del r\u00edo Paran\u00e1 (que super\u00f3 durante toda la semana los 2 metros a la altura de San Pedro) oblig\u00f3 a nuevos movimientos para la salida de vacunos de la zona de islas.&nbsp;<\/p>\n\n\n\n<p>Tal como hab\u00eda sucedido con la sudestada que se registr\u00f3 en el inicio de este mes, se habilitaron nuevas d\u00e1rsenas para la descarga desde las balsas ganaderas.&nbsp;<a><\/a><\/p>\n\n\n\n<p>La Sociedad Rural de San Pedro inform\u00f3 que se encuentran disponibles para la descarga de hacienda desde islas los muelles del puerto y San Pedro Arenas.&nbsp;<\/p>\n\n\n\n<p>Aquellos que requieran mayor informaci\u00f3n podr\u00e1n dirigirse a la sede de 25 de Mayo 410 o comunicarse al n\u00famero telef\u00f3nico 3329 590821.&nbsp;<\/p>\n","protected":false},"excerpt":{"rendered":"<p>La creciente del r\u00edo Paran\u00e1 (que super\u00f3 durante toda la semana los 2 metros a la altura de San Pedro) oblig\u00f3 a nuevos movimientos para la salida de vacunos de la zona de islas.&nbsp; Tal como hab\u00eda sucedido con la sudestada que se registr\u00f3 en el inicio de este mes, se habilitaron nuevas d\u00e1rsenas para [&hellip;]<\/p>\n","protected":false},"author":4,"featured_media":123577,"comment_status":"closed","ping_status":"closed","sticky":false,"template":"","format":"standard","meta":{"om_disable_all_campaigns":false,"_jetpack_memberships_contains_paid_content":false,"footnotes":""},"categories":[50,101,2],"tags":[197,696,33,19],"class_list":["post-124013","post","type-post","status-publish","format-standard","has-post-thumbnail","hentry","category-destacadas","category-interes-general-locales","category-locales","tag-buenos-aires","tag-interes-general","tag-locales","tag-san-pedro"],"aioseo_notices":[],"gutentor_comment":0,"jetpack_featured_media_url":"https:\/\/eldiariodesanpedro.com.ar\/sitio\/wp-content\/uploads\/2023\/11\/Imagen-de-WhatsApp-2023-11-02-a-las-16.47.54_f16c4310.jpg","jetpack_shortlink":"https:\/\/wp.me\/p6RhLt-wgd","jetpack_sharing_enabled":true,"_links":{"self":[{"href":"https:\/\/eldiariodesanpedro.com.ar\/sitio\/wp-json\/wp\/v2\/posts\/124013","targetHints":{"allow":["GET"]}}],"collection":[{"href":"https:\/\/eldiariodesanpedro.com.ar\/sitio\/wp-json\/wp\/v2\/posts"}],"about":[{"href":"https:\/\/eldiariodesanpedro.com.ar\/sitio\/wp-json\/wp\/v2\/types\/post"}],"author":[{"embeddable":true,"href":"https:\/\/eldiariodesanpedro.com.ar\/sitio\/wp-json\/wp\/v2\/users\/4"}],"replies":[{"embeddable":true,"href":"https:\/\/eldiariodesanpedro.com.ar\/sitio\/wp-json\/wp\/v2\/comments?post=124013"}],"version-history":[{"count":1,"href":"https:\/\/eldiariodesanpedro.com.ar\/sitio\/wp-json\/wp\/v2\/posts\/124013\/revisions"}],"predecessor-version":[{"id":124014,"href":"https:\/\/eldiariodesanpedro.com.ar\/sitio\/wp-json\/wp\/v2\/posts\/124013\/revisions\/124014"}],"wp:featuredmedia":[{"embeddable":true,"href":"https:\/\/eldiariodesanpedro.com.ar\/sitio\/wp-json\/wp\/v2\/media\/123577"}],"wp:attachment":[{"href":"https:\/\/eldiariodesanpedro.com.ar\/sitio\/wp-json\/wp\/v2\/media?parent=124013"}],"wp:term":[{"taxonomy":"category","embeddable":true,"href":"https:\/\/eldiariodesanpedro.com.ar\/sitio\/wp-json\/wp\/v2\/categories?post=124013"},{"taxonomy":"post_tag","embeddable":true,"href":"https:\/\/eldiariodesanpedro.com.ar\/sitio\/wp-json\/wp\/v2\/tags?post=124013"}],"curies":[{"name":"wp","href":"https:\/\/api.w.org\/{rel}","templated":true}]}}