{"id":124010,"date":"2023-11-16T11:09:43","date_gmt":"2023-11-16T14:09:43","guid":{"rendered":"https:\/\/eldiariodesanpedro.com.ar\/sitio\/?p=124010"},"modified":"2023-11-16T11:09:51","modified_gmt":"2023-11-16T14:09:51","slug":"charlas-abiertas-a-la-comunidad-diabetes-y-el-camino-a-una-vida-saludable","status":"publish","type":"post","link":"https:\/\/eldiariodesanpedro.com.ar\/sitio\/charlas-abiertas-a-la-comunidad-diabetes-y-el-camino-a-una-vida-saludable\/","title":{"rendered":"Charlas abiertas a la comunidad: Diabetes y el camino a una vida saludable"},"content":{"rendered":"<!-- VideographyWP Plugin Message: Automatic video embedding prevented by plugin options. -->\n\n<p>En el marco por el D\u00eda Mundial de la Diabetes, el Hospital Privado Sadiv brinda una nueva y enriquecedora charla abierta a la comunidad, la cual tiene como objetivo crear conciencia, compartir informaci\u00f3n valiosa desde diferentes enfoques y promover h\u00e1bitos de vida saludables en prevenci\u00f3n.<\/p>\n\n\n\n<p>La charla se llevar\u00e1 a cabo el d\u00eda viernes 17 de noviembre a las 18:30Hs en el auditorio de la instituci\u00f3n y sus disertantes ser\u00e1n: Dra. M. Jimena Solano (Diabetolog\u00eda), Dra. Camila Gallo (Endocrinolog\u00eda),&nbsp; Lic. Irina Tabanelli (Nutrici\u00f3n) y el Lic. Ramiro Juan Bennazar (Kinesiolog\u00eda)<a><\/a><\/p>\n\n\n\n<p>El evento es totalmente gratuito e incluir\u00e1 servicio de refrigerio. Quienes no puedan participar, la charla se transmitir\u00e1 en vivo a trav\u00e9s de nuestro canal de Youtube: Hospital Privado Sadiv<\/p>\n\n\n\n<figure class=\"wp-block-image size-full\"><img decoding=\"async\" width=\"630\" height=\"630\" data-attachment-id=\"124011\" data-permalink=\"https:\/\/eldiariodesanpedro.com.ar\/sitio\/charlas-abiertas-a-la-comunidad-diabetes-y-el-camino-a-una-vida-saludable\/flyer-charla-diabetes\/\" data-orig-file=\"https:\/\/eldiariodesanpedro.com.ar\/sitio\/wp-content\/uploads\/2023\/11\/FLYER-CHARLA-DIABETES.jpeg\" data-orig-size=\"630,630\" data-comments-opened=\"0\" data-image-meta=\"{&quot;aperture&quot;:&quot;0&quot;,&quot;credit&quot;:&quot;&quot;,&quot;camera&quot;:&quot;&quot;,&quot;caption&quot;:&quot;&quot;,&quot;created_timestamp&quot;:&quot;0&quot;,&quot;copyright&quot;:&quot;&quot;,&quot;focal_length&quot;:&quot;0&quot;,&quot;iso&quot;:&quot;0&quot;,&quot;shutter_speed&quot;:&quot;0&quot;,&quot;title&quot;:&quot;&quot;,&quot;orientation&quot;:&quot;0&quot;}\" data-image-title=\"FLYER CHARLA DIABETES\" data-image-description=\"\" data-image-caption=\"\" data-large-file=\"https:\/\/eldiariodesanpedro.com.ar\/sitio\/wp-content\/uploads\/2023\/11\/FLYER-CHARLA-DIABETES.jpeg\" data-src=\"https:\/\/eldiariodesanpedro.com.ar\/sitio\/wp-content\/uploads\/2023\/11\/FLYER-CHARLA-DIABETES.jpeg\" alt=\"\" class=\"wp-image-124011 lazyload\" data-srcset=\"https:\/\/eldiariodesanpedro.com.ar\/sitio\/wp-content\/uploads\/2023\/11\/FLYER-CHARLA-DIABETES.jpeg 630w, https:\/\/eldiariodesanpedro.com.ar\/sitio\/wp-content\/uploads\/2023\/11\/FLYER-CHARLA-DIABETES-300x300.jpeg 300w, https:\/\/eldiariodesanpedro.com.ar\/sitio\/wp-content\/uploads\/2023\/11\/FLYER-CHARLA-DIABETES-150x150.jpeg 150w\" data-sizes=\"(max-width: 630px) 100vw, 630px\" src=\"data:image\/svg+xml;base64,PHN2ZyB3aWR0aD0iMSIgaGVpZ2h0PSIxIiB4bWxucz0iaHR0cDovL3d3dy53My5vcmcvMjAwMC9zdmciPjwvc3ZnPg==\" style=\"--smush-placeholder-width: 630px; --smush-placeholder-aspect-ratio: 630\/630;\" \/><\/figure>\n","protected":false},"excerpt":{"rendered":"<p>En el marco por el D\u00eda Mundial de la Diabetes, el Hospital Privado Sadiv brinda una nueva y enriquecedora charla abierta a la comunidad, la cual tiene como objetivo crear conciencia, compartir informaci\u00f3n valiosa desde diferentes enfoques y promover h\u00e1bitos de vida saludables en prevenci\u00f3n. La charla se llevar\u00e1 a cabo el d\u00eda viernes 17 [&hellip;]<\/p>\n","protected":false},"author":4,"featured_media":108486,"comment_status":"closed","ping_status":"closed","sticky":false,"template":"","format":"standard","meta":{"om_disable_all_campaigns":false,"_jetpack_memberships_contains_paid_content":false,"footnotes":""},"categories":[101,2],"tags":[197,696,33,19],"class_list":["post-124010","post","type-post","status-publish","format-standard","has-post-thumbnail","hentry","category-interes-general-locales","category-locales","tag-buenos-aires","tag-interes-general","tag-locales","tag-san-pedro"],"aioseo_notices":[],"gutentor_comment":0,"jetpack_featured_media_url":"https:\/\/eldiariodesanpedro.com.ar\/sitio\/wp-content\/uploads\/2022\/06\/183073887_737063080297042_8640134725065283224_n.jpg","jetpack_shortlink":"https:\/\/wp.me\/p6RhLt-wga","jetpack_sharing_enabled":true,"_links":{"self":[{"href":"https:\/\/eldiariodesanpedro.com.ar\/sitio\/wp-json\/wp\/v2\/posts\/124010","targetHints":{"allow":["GET"]}}],"collection":[{"href":"https:\/\/eldiariodesanpedro.com.ar\/sitio\/wp-json\/wp\/v2\/posts"}],"about":[{"href":"https:\/\/eldiariodesanpedro.com.ar\/sitio\/wp-json\/wp\/v2\/types\/post"}],"author":[{"embeddable":true,"href":"https:\/\/eldiariodesanpedro.com.ar\/sitio\/wp-json\/wp\/v2\/users\/4"}],"replies":[{"embeddable":true,"href":"https:\/\/eldiariodesanpedro.com.ar\/sitio\/wp-json\/wp\/v2\/comments?post=124010"}],"version-history":[{"count":1,"href":"https:\/\/eldiariodesanpedro.com.ar\/sitio\/wp-json\/wp\/v2\/posts\/124010\/revisions"}],"predecessor-version":[{"id":124012,"href":"https:\/\/eldiariodesanpedro.com.ar\/sitio\/wp-json\/wp\/v2\/posts\/124010\/revisions\/124012"}],"wp:featuredmedia":[{"embeddable":true,"href":"https:\/\/eldiariodesanpedro.com.ar\/sitio\/wp-json\/wp\/v2\/media\/108486"}],"wp:attachment":[{"href":"https:\/\/eldiariodesanpedro.com.ar\/sitio\/wp-json\/wp\/v2\/media?parent=124010"}],"wp:term":[{"taxonomy":"category","embeddable":true,"href":"https:\/\/eldiariodesanpedro.com.ar\/sitio\/wp-json\/wp\/v2\/categories?post=124010"},{"taxonomy":"post_tag","embeddable":true,"href":"https:\/\/eldiariodesanpedro.com.ar\/sitio\/wp-json\/wp\/v2\/tags?post=124010"}],"curies":[{"name":"wp","href":"https:\/\/api.w.org\/{rel}","templated":true}]}}