{"id":124008,"date":"2023-11-16T10:57:26","date_gmt":"2023-11-16T13:57:26","guid":{"rendered":"https:\/\/eldiariodesanpedro.com.ar\/sitio\/?p=124008"},"modified":"2023-11-16T10:57:28","modified_gmt":"2023-11-16T13:57:28","slug":"una-pelea-en-pleno-centro-entre-personas-armadas-terminaron-hiriendo-a-dos-policias","status":"publish","type":"post","link":"https:\/\/eldiariodesanpedro.com.ar\/sitio\/una-pelea-en-pleno-centro-entre-personas-armadas-terminaron-hiriendo-a-dos-policias\/","title":{"rendered":"Una pelea en pleno centro entre personas armadas terminaron hiriendo a dos polic\u00edas"},"content":{"rendered":"<!-- VideographyWP Plugin Message: Automatic video embedding prevented by plugin options. -->\n\n<p>Una discusi\u00f3n entre dos personas deriv\u00f3 en una pelea con armas blancas en plena zona c\u00e9ntrica de la ciudad de San Pedro, hoy a las 7.30 de la ma\u00f1ana.&nbsp;<\/p>\n\n\n\n<p>Efectivos policiales que patrullaban la zona advirtieron la situaci\u00f3n y tomaron intervenci\u00f3n para controlar el episodio de violencia.&nbsp;<\/p>\n\n\n\n<p><ins><\/ins>Dos agentes de la Comisar\u00eda local, un hombre y una mujer, descendieron del m\u00f3vil para disuadir a los participantes de la pelea. Uno de ellos escap\u00f3 corriendo mientras el otro encar\u00f3 con un cuchillo a los uniformados. El forcejeo permiti\u00f3 la aprehensi\u00f3n del agresor, aunque los dos agentes resultaron con escoriaciones y golpes. Ambos recibieron atenci\u00f3n m\u00e9dica, aunque se encuentran en buen estado general.<\/p>\n","protected":false},"excerpt":{"rendered":"<p>Una discusi\u00f3n entre dos personas deriv\u00f3 en una pelea con armas blancas en plena zona c\u00e9ntrica de la ciudad de San Pedro, hoy a las 7.30 de la ma\u00f1ana.&nbsp; Efectivos policiales que patrullaban la zona advirtieron la situaci\u00f3n y tomaron intervenci\u00f3n para controlar el episodio de violencia.&nbsp; Dos agentes de la Comisar\u00eda local, un hombre [&hellip;]<\/p>\n","protected":false},"author":4,"featured_media":77860,"comment_status":"closed","ping_status":"closed","sticky":false,"template":"","format":"standard","meta":{"om_disable_all_campaigns":false,"_jetpack_memberships_contains_paid_content":false,"footnotes":""},"categories":[50,2,103],"tags":[197,33,95,19],"class_list":["post-124008","post","type-post","status-publish","format-standard","has-post-thumbnail","hentry","category-destacadas","category-locales","category-policiales-locales","tag-buenos-aires","tag-locales","tag-policiales","tag-san-pedro"],"aioseo_notices":[],"gutentor_comment":0,"jetpack_featured_media_url":"https:\/\/eldiariodesanpedro.com.ar\/sitio\/wp-content\/uploads\/2020\/07\/000085506.jpg","jetpack_shortlink":"https:\/\/wp.me\/p6RhLt-wg8","jetpack_sharing_enabled":true,"_links":{"self":[{"href":"https:\/\/eldiariodesanpedro.com.ar\/sitio\/wp-json\/wp\/v2\/posts\/124008","targetHints":{"allow":["GET"]}}],"collection":[{"href":"https:\/\/eldiariodesanpedro.com.ar\/sitio\/wp-json\/wp\/v2\/posts"}],"about":[{"href":"https:\/\/eldiariodesanpedro.com.ar\/sitio\/wp-json\/wp\/v2\/types\/post"}],"author":[{"embeddable":true,"href":"https:\/\/eldiariodesanpedro.com.ar\/sitio\/wp-json\/wp\/v2\/users\/4"}],"replies":[{"embeddable":true,"href":"https:\/\/eldiariodesanpedro.com.ar\/sitio\/wp-json\/wp\/v2\/comments?post=124008"}],"version-history":[{"count":1,"href":"https:\/\/eldiariodesanpedro.com.ar\/sitio\/wp-json\/wp\/v2\/posts\/124008\/revisions"}],"predecessor-version":[{"id":124009,"href":"https:\/\/eldiariodesanpedro.com.ar\/sitio\/wp-json\/wp\/v2\/posts\/124008\/revisions\/124009"}],"wp:featuredmedia":[{"embeddable":true,"href":"https:\/\/eldiariodesanpedro.com.ar\/sitio\/wp-json\/wp\/v2\/media\/77860"}],"wp:attachment":[{"href":"https:\/\/eldiariodesanpedro.com.ar\/sitio\/wp-json\/wp\/v2\/media?parent=124008"}],"wp:term":[{"taxonomy":"category","embeddable":true,"href":"https:\/\/eldiariodesanpedro.com.ar\/sitio\/wp-json\/wp\/v2\/categories?post=124008"},{"taxonomy":"post_tag","embeddable":true,"href":"https:\/\/eldiariodesanpedro.com.ar\/sitio\/wp-json\/wp\/v2\/tags?post=124008"}],"curies":[{"name":"wp","href":"https:\/\/api.w.org\/{rel}","templated":true}]}}