{"id":124005,"date":"2023-11-16T10:48:36","date_gmt":"2023-11-16T13:48:36","guid":{"rendered":"https:\/\/eldiariodesanpedro.com.ar\/sitio\/?p=124005"},"modified":"2023-11-16T10:48:39","modified_gmt":"2023-11-16T13:48:39","slug":"la-proxima-edicion-del-festival-rock-en-baradero-se-realizara-los-dias-29-y-30-de-marzo","status":"publish","type":"post","link":"https:\/\/eldiariodesanpedro.com.ar\/sitio\/la-proxima-edicion-del-festival-rock-en-baradero-se-realizara-los-dias-29-y-30-de-marzo\/","title":{"rendered":"La pr\u00f3xima edici\u00f3n del Festival Rock en Baradero se realizara los d\u00edas 29 y 30 de marzo"},"content":{"rendered":"<!-- VideographyWP Plugin Message: Automatic video embedding prevented by plugin options. -->\n\n<p>a novena edici\u00f3n del&nbsp;<strong>Festival Rock en Baradero<\/strong>, uno de los encuentros musicales m\u00e1s importantes de la provincia de Buenos Aires, se realizar\u00e1 el 29 y 30 de marzo del 2024 en el Anfiteatro Musical de esa localidad del norte bonaerense, y&nbsp;<strong>en minutos agot\u00f3 su primera preventa de entradas.<\/strong><\/p>\n\n\n\n<p><strong>\u201cUn fin de semana largo, tres escenarios, m\u00e1s de 40 bandas, todos los himnos que queremos escuchar, a 150 km del Obelisco, a una hora de Rosario, a metros del r\u00edo, en el coraz\u00f3n de la Provincia, a la vera de la ruta 9, Rock en Baradero<\/strong>&nbsp;no pretende ser un festival de moda. Es un festival que vuelve porque lo estaban esperando\u201d, afirma un comunicado difundido a los medios.<\/p>\n\n\n\n<p>Este a\u00f1o, el ya cl\u00e1sico encuentro rockero, promete superarse ampliamente preparando una grilla hist\u00f3rica y una experiencia art\u00edstica y musical para vivir una experiencia inolvidable, y las entradas pueden adquirirse en www.livepass.com.ar<\/p>\n\n\n\n<p><strong>\u00abComenzamos a calentar las ganas de volver al pogo, de volver a viajar con amigos, de tirarnos en el pasto con el amor de nuestras vidas, con el amor del mejor fin de semana del verano<\/strong>&nbsp;-contin\u00faa el texto-.&nbsp;<strong>Miles de corazones latiendo fuerte, saltando, bailando, volvi\u00e9ndose a abrazar. La Ceremonia del verano que ya cuenta con diez a\u00f1os de comunidad: Rock en Baradero\u00bb<\/strong>.<\/p>\n","protected":false},"excerpt":{"rendered":"<p>a novena edici\u00f3n del&nbsp;Festival Rock en Baradero, uno de los encuentros musicales m\u00e1s importantes de la provincia de Buenos Aires, se realizar\u00e1 el 29 y 30 de marzo del 2024 en el Anfiteatro Musical de esa localidad del norte bonaerense, y&nbsp;en minutos agot\u00f3 su primera preventa de entradas. \u201cUn fin de semana largo, tres escenarios, [&hellip;]<\/p>\n","protected":false},"author":4,"featured_media":124006,"comment_status":"closed","ping_status":"closed","sticky":false,"template":"","format":"standard","meta":{"om_disable_all_campaigns":false,"_jetpack_memberships_contains_paid_content":false,"footnotes":""},"categories":[50,101,2],"tags":[197,696,33,19],"class_list":["post-124005","post","type-post","status-publish","format-standard","has-post-thumbnail","hentry","category-destacadas","category-interes-general-locales","category-locales","tag-buenos-aires","tag-interes-general","tag-locales","tag-san-pedro"],"aioseo_notices":[],"gutentor_comment":0,"jetpack_featured_media_url":"https:\/\/eldiariodesanpedro.com.ar\/sitio\/wp-content\/uploads\/2023\/11\/6212139d0dd78_1200.jpg","jetpack_shortlink":"https:\/\/wp.me\/p6RhLt-wg5","jetpack_sharing_enabled":true,"_links":{"self":[{"href":"https:\/\/eldiariodesanpedro.com.ar\/sitio\/wp-json\/wp\/v2\/posts\/124005","targetHints":{"allow":["GET"]}}],"collection":[{"href":"https:\/\/eldiariodesanpedro.com.ar\/sitio\/wp-json\/wp\/v2\/posts"}],"about":[{"href":"https:\/\/eldiariodesanpedro.com.ar\/sitio\/wp-json\/wp\/v2\/types\/post"}],"author":[{"embeddable":true,"href":"https:\/\/eldiariodesanpedro.com.ar\/sitio\/wp-json\/wp\/v2\/users\/4"}],"replies":[{"embeddable":true,"href":"https:\/\/eldiariodesanpedro.com.ar\/sitio\/wp-json\/wp\/v2\/comments?post=124005"}],"version-history":[{"count":1,"href":"https:\/\/eldiariodesanpedro.com.ar\/sitio\/wp-json\/wp\/v2\/posts\/124005\/revisions"}],"predecessor-version":[{"id":124007,"href":"https:\/\/eldiariodesanpedro.com.ar\/sitio\/wp-json\/wp\/v2\/posts\/124005\/revisions\/124007"}],"wp:featuredmedia":[{"embeddable":true,"href":"https:\/\/eldiariodesanpedro.com.ar\/sitio\/wp-json\/wp\/v2\/media\/124006"}],"wp:attachment":[{"href":"https:\/\/eldiariodesanpedro.com.ar\/sitio\/wp-json\/wp\/v2\/media?parent=124005"}],"wp:term":[{"taxonomy":"category","embeddable":true,"href":"https:\/\/eldiariodesanpedro.com.ar\/sitio\/wp-json\/wp\/v2\/categories?post=124005"},{"taxonomy":"post_tag","embeddable":true,"href":"https:\/\/eldiariodesanpedro.com.ar\/sitio\/wp-json\/wp\/v2\/tags?post=124005"}],"curies":[{"name":"wp","href":"https:\/\/api.w.org\/{rel}","templated":true}]}}