{"id":123985,"date":"2023-11-15T17:30:43","date_gmt":"2023-11-15T20:30:43","guid":{"rendered":"https:\/\/eldiariodesanpedro.com.ar\/sitio\/?p=123985"},"modified":"2023-11-15T17:30:46","modified_gmt":"2023-11-15T20:30:46","slug":"el-intendente-cecilio-salazar-encabezo-la-sesion-especial-de-cierre-del-programa-ideas-jovenes","status":"publish","type":"post","link":"https:\/\/eldiariodesanpedro.com.ar\/sitio\/el-intendente-cecilio-salazar-encabezo-la-sesion-especial-de-cierre-del-programa-ideas-jovenes\/","title":{"rendered":"El Intendente Cecilio Salazar encabez\u00f3 la sesi\u00f3n especial de cierre del programa \u00abIdeas J\u00f3venes\u00bb"},"content":{"rendered":"<!-- VideographyWP Plugin Message: Automatic video embedding prevented by plugin options. -->\n\n<p>Este martes, el Sal\u00f3n Dorado del Honorable Concejo Deliberante recibi\u00f3 a tres representantes de cada colegio, uno por cada a\u00f1o del ciclo superior, que fueron elegidos a trav\u00e9s de la participaci\u00f3n de m\u00e1s de 6.000 j\u00f3venes en todas las escuelas secundarias del distrito.<\/p>\n\n\n\n<p>Luego de finalizar las tres etapas programadas, en primera instancia en las instituciones educativas, una segunda en el Club Pescadores con la participaci\u00f3n de m\u00e1s de 230 j\u00f3venes y esta \u00faltima en el HCD, la iniciativa busc\u00f3 ofrecer a los estudiantes de las escuelas secundarias del Partido de San Pedro un espacio para expresar su ciudadan\u00eda a trav\u00e9s de debates y participaci\u00f3n democr\u00e1tica que finaliz\u00f3 con la confecci\u00f3n de tres documentos, que fueron entregados al Intendente Cecilio Salazar y a la Presidenta del Honorable Concejo Deliberante, Rita Leguizam\u00f3n, tras el desarrollo de diferentes ejes tem\u00e1ticos que los y las j\u00f3venes debatieron durante la jornada.<\/p>\n\n\n\n<p>Los ejes tem\u00e1ticos abordados por los j\u00f3venes de sexto a\u00f1o fueron referidos a salud, educaci\u00f3n y trabajo; los alumnos y alumnas de quinto a\u00f1o abordaron tem\u00e1ticas de cultura y seguridad; y quienes representaban al cuarto a\u00f1o abordaron los ejes tem\u00e1ticos de infraestructura y tecnolog\u00eda.<\/p>\n\n\n\n<p>El cierre del encuentro estuvo a cargo del Intendente Cecilio Salazar, quien celebr\u00f3 la realizaci\u00f3n de esta jornada en el Sal\u00f3n Dorado del HCD \u201cel \u00e1mbito por excelencia de la democracia\u201d y felicit\u00f3 a todos los participantes por el trabajo realizado durante el desarrollo del programa, adem\u00e1s asegur\u00f3 que durante los pr\u00f3ximos cuatro a\u00f1os continuar\u00e1 funcionando esta propuesta que les ofrece un \u00e1mbito de discusi\u00f3n y representaci\u00f3n de las voces j\u00f3venes, con la firme convicci\u00f3n de consolidarlo para las generaciones futuras.<\/p>\n\n\n\n<p>El jefe comunal se comprometi\u00f3 a analizar las conclusiones que le fueron entregadas por parte de los j\u00f3venes y los invit\u00f3 a participar en los diferentes talleres que se vienen llevando a cabo en el marco del Plan Estrat\u00e9gico 2050 impulsado desde el Gobierno Municipal.<br>\u201cCreo que ustedes pueden aportar su opini\u00f3n, que va a ser seguramente muy valiosa y que tiene que ser valorada en ese \u00e1mbito para tomar las decisiones para lo que viene en San Pedro\u201d.<\/p>\n\n\n\n<p>Acompa\u00f1aron al Intendente Cecilio Salazar; la Presidenta del HCD, Rita Leguizam\u00f3n; el Secretario de Coordinaci\u00f3n, Luciano Arias; la Jefa Distrital de Educaci\u00f3n, Lorena L\u00f3pez; el Secretario Coordinador del Consejo Provincial de Educaci\u00f3n y Trabajo, Alan Ocampo y la Inspectora de Nivel Secundario, Luc\u00eda Barbieri.<\/p>\n\n\n\n<figure class=\"wp-block-image size-full\"><img decoding=\"async\" width=\"946\" height=\"630\" data-attachment-id=\"123987\" data-permalink=\"https:\/\/eldiariodesanpedro.com.ar\/sitio\/el-intendente-cecilio-salazar-encabezo-la-sesion-especial-de-cierre-del-programa-ideas-jovenes\/imagen-de-whatsapp-2023-11-15-a-las-13-49-25_3338d381\/\" data-orig-file=\"https:\/\/eldiariodesanpedro.com.ar\/sitio\/wp-content\/uploads\/2023\/11\/Imagen-de-WhatsApp-2023-11-15-a-las-13.49.25_3338d381.jpg\" data-orig-size=\"946,630\" data-comments-opened=\"0\" data-image-meta=\"{&quot;aperture&quot;:&quot;0&quot;,&quot;credit&quot;:&quot;&quot;,&quot;camera&quot;:&quot;&quot;,&quot;caption&quot;:&quot;&quot;,&quot;created_timestamp&quot;:&quot;0&quot;,&quot;copyright&quot;:&quot;&quot;,&quot;focal_length&quot;:&quot;0&quot;,&quot;iso&quot;:&quot;0&quot;,&quot;shutter_speed&quot;:&quot;0&quot;,&quot;title&quot;:&quot;&quot;,&quot;orientation&quot;:&quot;0&quot;}\" data-image-title=\"Imagen de WhatsApp 2023-11-15 a las 13.49.25_3338d381\" data-image-description=\"\" data-image-caption=\"\" data-large-file=\"https:\/\/eldiariodesanpedro.com.ar\/sitio\/wp-content\/uploads\/2023\/11\/Imagen-de-WhatsApp-2023-11-15-a-las-13.49.25_3338d381.jpg\" data-src=\"https:\/\/eldiariodesanpedro.com.ar\/sitio\/wp-content\/uploads\/2023\/11\/Imagen-de-WhatsApp-2023-11-15-a-las-13.49.25_3338d381.jpg\" alt=\"\" class=\"wp-image-123987 lazyload\" data-srcset=\"https:\/\/eldiariodesanpedro.com.ar\/sitio\/wp-content\/uploads\/2023\/11\/Imagen-de-WhatsApp-2023-11-15-a-las-13.49.25_3338d381.jpg 946w, https:\/\/eldiariodesanpedro.com.ar\/sitio\/wp-content\/uploads\/2023\/11\/Imagen-de-WhatsApp-2023-11-15-a-las-13.49.25_3338d381-300x200.jpg 300w, https:\/\/eldiariodesanpedro.com.ar\/sitio\/wp-content\/uploads\/2023\/11\/Imagen-de-WhatsApp-2023-11-15-a-las-13.49.25_3338d381-768x511.jpg 768w\" data-sizes=\"(max-width: 946px) 100vw, 946px\" src=\"data:image\/svg+xml;base64,PHN2ZyB3aWR0aD0iMSIgaGVpZ2h0PSIxIiB4bWxucz0iaHR0cDovL3d3dy53My5vcmcvMjAwMC9zdmciPjwvc3ZnPg==\" style=\"--smush-placeholder-width: 946px; --smush-placeholder-aspect-ratio: 946\/630;\" \/><\/figure>\n\n\n\n<figure class=\"wp-block-image size-full\"><img decoding=\"async\" width=\"946\" height=\"630\" data-attachment-id=\"123989\" data-permalink=\"https:\/\/eldiariodesanpedro.com.ar\/sitio\/el-intendente-cecilio-salazar-encabezo-la-sesion-especial-de-cierre-del-programa-ideas-jovenes\/imagen-de-whatsapp-2023-11-15-a-las-13-49-29_5d53d43b\/\" data-orig-file=\"https:\/\/eldiariodesanpedro.com.ar\/sitio\/wp-content\/uploads\/2023\/11\/Imagen-de-WhatsApp-2023-11-15-a-las-13.49.29_5d53d43b.jpg\" data-orig-size=\"946,630\" data-comments-opened=\"0\" data-image-meta=\"{&quot;aperture&quot;:&quot;0&quot;,&quot;credit&quot;:&quot;&quot;,&quot;camera&quot;:&quot;&quot;,&quot;caption&quot;:&quot;&quot;,&quot;created_timestamp&quot;:&quot;0&quot;,&quot;copyright&quot;:&quot;&quot;,&quot;focal_length&quot;:&quot;0&quot;,&quot;iso&quot;:&quot;0&quot;,&quot;shutter_speed&quot;:&quot;0&quot;,&quot;title&quot;:&quot;&quot;,&quot;orientation&quot;:&quot;0&quot;}\" data-image-title=\"Imagen de WhatsApp 2023-11-15 a las 13.49.29_5d53d43b\" data-image-description=\"\" data-image-caption=\"\" data-large-file=\"https:\/\/eldiariodesanpedro.com.ar\/sitio\/wp-content\/uploads\/2023\/11\/Imagen-de-WhatsApp-2023-11-15-a-las-13.49.29_5d53d43b.jpg\" data-src=\"https:\/\/eldiariodesanpedro.com.ar\/sitio\/wp-content\/uploads\/2023\/11\/Imagen-de-WhatsApp-2023-11-15-a-las-13.49.29_5d53d43b.jpg\" alt=\"\" class=\"wp-image-123989 lazyload\" data-srcset=\"https:\/\/eldiariodesanpedro.com.ar\/sitio\/wp-content\/uploads\/2023\/11\/Imagen-de-WhatsApp-2023-11-15-a-las-13.49.29_5d53d43b.jpg 946w, https:\/\/eldiariodesanpedro.com.ar\/sitio\/wp-content\/uploads\/2023\/11\/Imagen-de-WhatsApp-2023-11-15-a-las-13.49.29_5d53d43b-300x200.jpg 300w, https:\/\/eldiariodesanpedro.com.ar\/sitio\/wp-content\/uploads\/2023\/11\/Imagen-de-WhatsApp-2023-11-15-a-las-13.49.29_5d53d43b-768x511.jpg 768w\" data-sizes=\"(max-width: 946px) 100vw, 946px\" src=\"data:image\/svg+xml;base64,PHN2ZyB3aWR0aD0iMSIgaGVpZ2h0PSIxIiB4bWxucz0iaHR0cDovL3d3dy53My5vcmcvMjAwMC9zdmciPjwvc3ZnPg==\" style=\"--smush-placeholder-width: 946px; --smush-placeholder-aspect-ratio: 946\/630;\" \/><\/figure>\n","protected":false},"excerpt":{"rendered":"<p>Este martes, el Sal\u00f3n Dorado del Honorable Concejo Deliberante recibi\u00f3 a tres representantes de cada colegio, uno por cada a\u00f1o del ciclo superior, que fueron elegidos a trav\u00e9s de la participaci\u00f3n de m\u00e1s de 6.000 j\u00f3venes en todas las escuelas secundarias del distrito. Luego de finalizar las tres etapas programadas, en primera instancia en las [&hellip;]<\/p>\n","protected":false},"author":4,"featured_media":123986,"comment_status":"closed","ping_status":"closed","sticky":false,"template":"","format":"standard","meta":{"om_disable_all_campaigns":false,"_jetpack_memberships_contains_paid_content":false,"footnotes":""},"categories":[50,101,2],"tags":[197,696,33,19],"class_list":["post-123985","post","type-post","status-publish","format-standard","has-post-thumbnail","hentry","category-destacadas","category-interes-general-locales","category-locales","tag-buenos-aires","tag-interes-general","tag-locales","tag-san-pedro"],"aioseo_notices":[],"gutentor_comment":0,"jetpack_featured_media_url":"https:\/\/eldiariodesanpedro.com.ar\/sitio\/wp-content\/uploads\/2023\/11\/Imagen-de-WhatsApp-2023-11-15-a-las-13.49.23_390061db.jpg","jetpack_shortlink":"https:\/\/wp.me\/p6RhLt-wfL","jetpack_sharing_enabled":true,"_links":{"self":[{"href":"https:\/\/eldiariodesanpedro.com.ar\/sitio\/wp-json\/wp\/v2\/posts\/123985","targetHints":{"allow":["GET"]}}],"collection":[{"href":"https:\/\/eldiariodesanpedro.com.ar\/sitio\/wp-json\/wp\/v2\/posts"}],"about":[{"href":"https:\/\/eldiariodesanpedro.com.ar\/sitio\/wp-json\/wp\/v2\/types\/post"}],"author":[{"embeddable":true,"href":"https:\/\/eldiariodesanpedro.com.ar\/sitio\/wp-json\/wp\/v2\/users\/4"}],"replies":[{"embeddable":true,"href":"https:\/\/eldiariodesanpedro.com.ar\/sitio\/wp-json\/wp\/v2\/comments?post=123985"}],"version-history":[{"count":1,"href":"https:\/\/eldiariodesanpedro.com.ar\/sitio\/wp-json\/wp\/v2\/posts\/123985\/revisions"}],"predecessor-version":[{"id":123992,"href":"https:\/\/eldiariodesanpedro.com.ar\/sitio\/wp-json\/wp\/v2\/posts\/123985\/revisions\/123992"}],"wp:featuredmedia":[{"embeddable":true,"href":"https:\/\/eldiariodesanpedro.com.ar\/sitio\/wp-json\/wp\/v2\/media\/123986"}],"wp:attachment":[{"href":"https:\/\/eldiariodesanpedro.com.ar\/sitio\/wp-json\/wp\/v2\/media?parent=123985"}],"wp:term":[{"taxonomy":"category","embeddable":true,"href":"https:\/\/eldiariodesanpedro.com.ar\/sitio\/wp-json\/wp\/v2\/categories?post=123985"},{"taxonomy":"post_tag","embeddable":true,"href":"https:\/\/eldiariodesanpedro.com.ar\/sitio\/wp-json\/wp\/v2\/tags?post=123985"}],"curies":[{"name":"wp","href":"https:\/\/api.w.org\/{rel}","templated":true}]}}