{"id":123979,"date":"2023-11-15T16:21:11","date_gmt":"2023-11-15T19:21:11","guid":{"rendered":"https:\/\/eldiariodesanpedro.com.ar\/sitio\/?p=123979"},"modified":"2023-11-15T16:21:13","modified_gmt":"2023-11-15T19:21:13","slug":"se-secuestraron-varias-motocicletas-con-cano-escape-defectuoso-y-sin-papeles","status":"publish","type":"post","link":"https:\/\/eldiariodesanpedro.com.ar\/sitio\/se-secuestraron-varias-motocicletas-con-cano-escape-defectuoso-y-sin-papeles\/","title":{"rendered":"Se secuestraron varias motocicletas con ca\u00f1o escape defectuoso y sin papeles"},"content":{"rendered":"<!-- VideographyWP Plugin Message: Automatic video embedding prevented by plugin options. -->\n\n<p>En La jornada de ayer en el marco de Operativo Saturaci\u00f3n llevado a cabo por personal de la Estaci\u00f3n de Polic\u00eda Comunal San Pedro trabajando en conjunto con personal Inspecci\u00f3n Municipal, realizan \u00a0operativo din\u00e1mico de interceptaci\u00f3n selectivo y ciudadanos en zona c\u00e9ntrica y diferentes puntos de la ciudad, donde se procedi\u00f3 al secuestro de cinco motocicletas por carecer de documentaci\u00f3n habilitante para circular.<\/p>\n","protected":false},"excerpt":{"rendered":"<p>En La jornada de ayer en el marco de Operativo Saturaci\u00f3n llevado a cabo por personal de la Estaci\u00f3n de Polic\u00eda Comunal San Pedro trabajando en conjunto con personal Inspecci\u00f3n Municipal, realizan \u00a0operativo din\u00e1mico de interceptaci\u00f3n selectivo y ciudadanos en zona c\u00e9ntrica y diferentes puntos de la ciudad, donde se procedi\u00f3 al secuestro de cinco [&hellip;]<\/p>\n","protected":false},"author":4,"featured_media":123980,"comment_status":"closed","ping_status":"closed","sticky":false,"template":"","format":"standard","meta":{"om_disable_all_campaigns":false,"_jetpack_memberships_contains_paid_content":false,"footnotes":""},"categories":[2,103],"tags":[4605],"class_list":["post-123979","post","type-post","status-publish","format-standard","has-post-thumbnail","hentry","category-locales","category-policiales-locales","tag-se-secuestraron-varias-motocicletas-con-cano-escape-defectuoso-y-sin-papeles"],"aioseo_notices":[],"gutentor_comment":0,"jetpack_featured_media_url":"https:\/\/eldiariodesanpedro.com.ar\/sitio\/wp-content\/uploads\/2023\/11\/1.jpg","jetpack_shortlink":"https:\/\/wp.me\/p6RhLt-wfF","jetpack_sharing_enabled":true,"_links":{"self":[{"href":"https:\/\/eldiariodesanpedro.com.ar\/sitio\/wp-json\/wp\/v2\/posts\/123979","targetHints":{"allow":["GET"]}}],"collection":[{"href":"https:\/\/eldiariodesanpedro.com.ar\/sitio\/wp-json\/wp\/v2\/posts"}],"about":[{"href":"https:\/\/eldiariodesanpedro.com.ar\/sitio\/wp-json\/wp\/v2\/types\/post"}],"author":[{"embeddable":true,"href":"https:\/\/eldiariodesanpedro.com.ar\/sitio\/wp-json\/wp\/v2\/users\/4"}],"replies":[{"embeddable":true,"href":"https:\/\/eldiariodesanpedro.com.ar\/sitio\/wp-json\/wp\/v2\/comments?post=123979"}],"version-history":[{"count":1,"href":"https:\/\/eldiariodesanpedro.com.ar\/sitio\/wp-json\/wp\/v2\/posts\/123979\/revisions"}],"predecessor-version":[{"id":123981,"href":"https:\/\/eldiariodesanpedro.com.ar\/sitio\/wp-json\/wp\/v2\/posts\/123979\/revisions\/123981"}],"wp:featuredmedia":[{"embeddable":true,"href":"https:\/\/eldiariodesanpedro.com.ar\/sitio\/wp-json\/wp\/v2\/media\/123980"}],"wp:attachment":[{"href":"https:\/\/eldiariodesanpedro.com.ar\/sitio\/wp-json\/wp\/v2\/media?parent=123979"}],"wp:term":[{"taxonomy":"category","embeddable":true,"href":"https:\/\/eldiariodesanpedro.com.ar\/sitio\/wp-json\/wp\/v2\/categories?post=123979"},{"taxonomy":"post_tag","embeddable":true,"href":"https:\/\/eldiariodesanpedro.com.ar\/sitio\/wp-json\/wp\/v2\/tags?post=123979"}],"curies":[{"name":"wp","href":"https:\/\/api.w.org\/{rel}","templated":true}]}}