{"id":123975,"date":"2023-11-15T11:24:27","date_gmt":"2023-11-15T14:24:27","guid":{"rendered":"https:\/\/eldiariodesanpedro.com.ar\/sitio\/?p=123975"},"modified":"2023-11-15T11:24:30","modified_gmt":"2023-11-15T14:24:30","slug":"la-municipalidad-iniciara-los-trabajos-de-fumigacion-debido-al-gran-aumento-de-mosquitos","status":"publish","type":"post","link":"https:\/\/eldiariodesanpedro.com.ar\/sitio\/la-municipalidad-iniciara-los-trabajos-de-fumigacion-debido-al-gran-aumento-de-mosquitos\/","title":{"rendered":"La municipalidad iniciara los trabajos de fumigaci\u00f3n debido al gran aumento de mosquitos"},"content":{"rendered":"<!-- VideographyWP Plugin Message: Automatic video embedding prevented by plugin options. -->\n\n<p>El Departamento de Bromatolog\u00eda de la Municipalidad de San Pedro iniciar\u00e1 a partir de hoy un extenso proceso de fumigaci\u00f3n para controlar la proliferaci\u00f3n de mosquitos. El aumento en la cantidad de estos insectos en la \u00faltima semana se debe a las lluvias y al incremento del nivel de los r\u00edos en la zona.<\/p>\n\n\n\n<p>Seg\u00fan Saverio Guti\u00e9rrez, titular de Bromatolog\u00eda, la expansi\u00f3n de los mosquitos se debe a la acumulaci\u00f3n de agua en \u00e1reas bajas que antes permanec\u00edan secas. Esto ha provocado la eclosi\u00f3n de huevos presentes en zonas inundables, generando un aumento estacional en la poblaci\u00f3n de mosquitos que se espera que se repita durante gran parte del verano.<\/p>\n\n\n\n<p>Tras resolver problemas administrativos que afectaron la adquisici\u00f3n de combustible, Bromatolog\u00eda llevar\u00e1 a cabo un recorrido con maquinaria pesada para la fumigaci\u00f3n. \u00abLas maquinarias est\u00e1n al 100%, y si las condiciones clim\u00e1ticas lo permiten, abarcaremos todo el per\u00edmetro, plazas y boulevares\u00bb, explic\u00f3 Guti\u00e9rrez. La fumigaci\u00f3n tambi\u00e9n incluir\u00e1 los barrios Los Aromos, Villa Igoillo y Los Aromitos, el per\u00edmetro norte de la ciudad, la costanera, plazas, boulevares y el sector sur hasta Crucero General Belgrano.<\/p>\n","protected":false},"excerpt":{"rendered":"<p>El Departamento de Bromatolog\u00eda de la Municipalidad de San Pedro iniciar\u00e1 a partir de hoy un extenso proceso de fumigaci\u00f3n para controlar la proliferaci\u00f3n de mosquitos. El aumento en la cantidad de estos insectos en la \u00faltima semana se debe a las lluvias y al incremento del nivel de los r\u00edos en la zona. Seg\u00fan [&hellip;]<\/p>\n","protected":false},"author":4,"featured_media":72092,"comment_status":"closed","ping_status":"closed","sticky":false,"template":"","format":"standard","meta":{"om_disable_all_campaigns":false,"_jetpack_memberships_contains_paid_content":false,"footnotes":""},"categories":[50,101,2],"tags":[197,696,33,19],"class_list":["post-123975","post","type-post","status-publish","format-standard","has-post-thumbnail","hentry","category-destacadas","category-interes-general-locales","category-locales","tag-buenos-aires","tag-interes-general","tag-locales","tag-san-pedro"],"aioseo_notices":[],"gutentor_comment":0,"jetpack_featured_media_url":"https:\/\/eldiariodesanpedro.com.ar\/sitio\/wp-content\/uploads\/2020\/04\/fumigacion_san_pedro.jpg","jetpack_shortlink":"https:\/\/wp.me\/p6RhLt-wfB","jetpack_sharing_enabled":true,"_links":{"self":[{"href":"https:\/\/eldiariodesanpedro.com.ar\/sitio\/wp-json\/wp\/v2\/posts\/123975","targetHints":{"allow":["GET"]}}],"collection":[{"href":"https:\/\/eldiariodesanpedro.com.ar\/sitio\/wp-json\/wp\/v2\/posts"}],"about":[{"href":"https:\/\/eldiariodesanpedro.com.ar\/sitio\/wp-json\/wp\/v2\/types\/post"}],"author":[{"embeddable":true,"href":"https:\/\/eldiariodesanpedro.com.ar\/sitio\/wp-json\/wp\/v2\/users\/4"}],"replies":[{"embeddable":true,"href":"https:\/\/eldiariodesanpedro.com.ar\/sitio\/wp-json\/wp\/v2\/comments?post=123975"}],"version-history":[{"count":1,"href":"https:\/\/eldiariodesanpedro.com.ar\/sitio\/wp-json\/wp\/v2\/posts\/123975\/revisions"}],"predecessor-version":[{"id":123976,"href":"https:\/\/eldiariodesanpedro.com.ar\/sitio\/wp-json\/wp\/v2\/posts\/123975\/revisions\/123976"}],"wp:featuredmedia":[{"embeddable":true,"href":"https:\/\/eldiariodesanpedro.com.ar\/sitio\/wp-json\/wp\/v2\/media\/72092"}],"wp:attachment":[{"href":"https:\/\/eldiariodesanpedro.com.ar\/sitio\/wp-json\/wp\/v2\/media?parent=123975"}],"wp:term":[{"taxonomy":"category","embeddable":true,"href":"https:\/\/eldiariodesanpedro.com.ar\/sitio\/wp-json\/wp\/v2\/categories?post=123975"},{"taxonomy":"post_tag","embeddable":true,"href":"https:\/\/eldiariodesanpedro.com.ar\/sitio\/wp-json\/wp\/v2\/tags?post=123975"}],"curies":[{"name":"wp","href":"https:\/\/api.w.org\/{rel}","templated":true}]}}