{"id":123968,"date":"2023-11-15T11:11:30","date_gmt":"2023-11-15T14:11:30","guid":{"rendered":"https:\/\/eldiariodesanpedro.com.ar\/sitio\/?p=123968"},"modified":"2023-11-15T11:11:33","modified_gmt":"2023-11-15T14:11:33","slug":"cierre-del-programa-creando-conciencia","status":"publish","type":"post","link":"https:\/\/eldiariodesanpedro.com.ar\/sitio\/cierre-del-programa-creando-conciencia\/","title":{"rendered":"Cierre del programa Creando Conciencia"},"content":{"rendered":"<!-- VideographyWP Plugin Message: Automatic video embedding prevented by plugin options. -->\n\n<p>Este martes se concret\u00f3 el cierre del programa Creando Conciencia en las instalaciones del Howard Johnson con los pacientes que concurrieron durante todo el a\u00f1o a las diferentes propuestas junto al equipo interdisciplinario.<\/p>\n\n\n\n<p>Durante la jornada, y en el marco del D\u00eda Mundial de la Diabetes, se llevaron a cabo diferentes actividades alusivas a la fecha, adem\u00e1s de la entrega de certificados a los participantes.<\/p>\n\n\n\n<p>El equipo Creando Conciencia, coordinado por la Dra. Claudia Dotti y acompa\u00f1ada de un equipo interdisciplinario conformado por una m\u00e9dica endocrin\u00f3loga, trabajadoras sociales, nutricionistas, enfermera, pod\u00f3loga, psic\u00f3logo y profesora de educaci\u00f3n f\u00edsica, junto a la Secretar\u00eda de Salud de la Municipalidad de San Pedro, trabaja a\u00f1o tras a\u00f1o en un programa de educaci\u00f3n que incluye talleres educativos, actividad f\u00edsica y talleres de psicolog\u00eda.<\/p>\n\n\n\n<p>Para consultas o informaci\u00f3n referida a los talleres, pueden comunicarse al tel\u00e9fono 438130.<\/p>\n\n\n\n<figure class=\"wp-block-image size-full\"><img decoding=\"async\" width=\"841\" height=\"630\" data-attachment-id=\"123970\" data-permalink=\"https:\/\/eldiariodesanpedro.com.ar\/sitio\/cierre-del-programa-creando-conciencia\/imagen-de-whatsapp-2023-11-15-a-las-10-56-58_b792752a\/\" data-orig-file=\"https:\/\/eldiariodesanpedro.com.ar\/sitio\/wp-content\/uploads\/2023\/11\/Imagen-de-WhatsApp-2023-11-15-a-las-10.56.58_b792752a.jpg\" data-orig-size=\"841,630\" data-comments-opened=\"0\" data-image-meta=\"{&quot;aperture&quot;:&quot;0&quot;,&quot;credit&quot;:&quot;&quot;,&quot;camera&quot;:&quot;&quot;,&quot;caption&quot;:&quot;&quot;,&quot;created_timestamp&quot;:&quot;0&quot;,&quot;copyright&quot;:&quot;&quot;,&quot;focal_length&quot;:&quot;0&quot;,&quot;iso&quot;:&quot;0&quot;,&quot;shutter_speed&quot;:&quot;0&quot;,&quot;title&quot;:&quot;&quot;,&quot;orientation&quot;:&quot;0&quot;}\" data-image-title=\"Imagen de WhatsApp 2023-11-15 a las 10.56.58_b792752a\" data-image-description=\"\" data-image-caption=\"\" data-large-file=\"https:\/\/eldiariodesanpedro.com.ar\/sitio\/wp-content\/uploads\/2023\/11\/Imagen-de-WhatsApp-2023-11-15-a-las-10.56.58_b792752a.jpg\" data-src=\"https:\/\/eldiariodesanpedro.com.ar\/sitio\/wp-content\/uploads\/2023\/11\/Imagen-de-WhatsApp-2023-11-15-a-las-10.56.58_b792752a.jpg\" alt=\"\" class=\"wp-image-123970 lazyload\" data-srcset=\"https:\/\/eldiariodesanpedro.com.ar\/sitio\/wp-content\/uploads\/2023\/11\/Imagen-de-WhatsApp-2023-11-15-a-las-10.56.58_b792752a.jpg 841w, https:\/\/eldiariodesanpedro.com.ar\/sitio\/wp-content\/uploads\/2023\/11\/Imagen-de-WhatsApp-2023-11-15-a-las-10.56.58_b792752a-300x225.jpg 300w, https:\/\/eldiariodesanpedro.com.ar\/sitio\/wp-content\/uploads\/2023\/11\/Imagen-de-WhatsApp-2023-11-15-a-las-10.56.58_b792752a-768x575.jpg 768w, https:\/\/eldiariodesanpedro.com.ar\/sitio\/wp-content\/uploads\/2023\/11\/Imagen-de-WhatsApp-2023-11-15-a-las-10.56.58_b792752a-272x204.jpg 272w\" data-sizes=\"(max-width: 841px) 100vw, 841px\" src=\"data:image\/svg+xml;base64,PHN2ZyB3aWR0aD0iMSIgaGVpZ2h0PSIxIiB4bWxucz0iaHR0cDovL3d3dy53My5vcmcvMjAwMC9zdmciPjwvc3ZnPg==\" style=\"--smush-placeholder-width: 841px; --smush-placeholder-aspect-ratio: 841\/630;\" \/><\/figure>\n\n\n<div class=\"wp-block-image\">\n<figure class=\"aligncenter size-full\"><img decoding=\"async\" width=\"474\" height=\"630\" data-attachment-id=\"123969\" data-permalink=\"https:\/\/eldiariodesanpedro.com.ar\/sitio\/cierre-del-programa-creando-conciencia\/imagen-de-whatsapp-2023-11-15-a-las-10-56-57_470bde0b\/\" data-orig-file=\"https:\/\/eldiariodesanpedro.com.ar\/sitio\/wp-content\/uploads\/2023\/11\/Imagen-de-WhatsApp-2023-11-15-a-las-10.56.57_470bde0b.jpg\" data-orig-size=\"474,630\" data-comments-opened=\"0\" data-image-meta=\"{&quot;aperture&quot;:&quot;0&quot;,&quot;credit&quot;:&quot;&quot;,&quot;camera&quot;:&quot;&quot;,&quot;caption&quot;:&quot;&quot;,&quot;created_timestamp&quot;:&quot;0&quot;,&quot;copyright&quot;:&quot;&quot;,&quot;focal_length&quot;:&quot;0&quot;,&quot;iso&quot;:&quot;0&quot;,&quot;shutter_speed&quot;:&quot;0&quot;,&quot;title&quot;:&quot;&quot;,&quot;orientation&quot;:&quot;0&quot;}\" data-image-title=\"Imagen de WhatsApp 2023-11-15 a las 10.56.57_470bde0b\" data-image-description=\"\" data-image-caption=\"\" data-large-file=\"https:\/\/eldiariodesanpedro.com.ar\/sitio\/wp-content\/uploads\/2023\/11\/Imagen-de-WhatsApp-2023-11-15-a-las-10.56.57_470bde0b.jpg\" data-src=\"https:\/\/eldiariodesanpedro.com.ar\/sitio\/wp-content\/uploads\/2023\/11\/Imagen-de-WhatsApp-2023-11-15-a-las-10.56.57_470bde0b.jpg\" alt=\"\" class=\"wp-image-123969 lazyload\" data-srcset=\"https:\/\/eldiariodesanpedro.com.ar\/sitio\/wp-content\/uploads\/2023\/11\/Imagen-de-WhatsApp-2023-11-15-a-las-10.56.57_470bde0b.jpg 474w, https:\/\/eldiariodesanpedro.com.ar\/sitio\/wp-content\/uploads\/2023\/11\/Imagen-de-WhatsApp-2023-11-15-a-las-10.56.57_470bde0b-226x300.jpg 226w\" data-sizes=\"(max-width: 474px) 100vw, 474px\" src=\"data:image\/svg+xml;base64,PHN2ZyB3aWR0aD0iMSIgaGVpZ2h0PSIxIiB4bWxucz0iaHR0cDovL3d3dy53My5vcmcvMjAwMC9zdmciPjwvc3ZnPg==\" style=\"--smush-placeholder-width: 474px; --smush-placeholder-aspect-ratio: 474\/630;\" \/><\/figure>\n<\/div>","protected":false},"excerpt":{"rendered":"<p>Este martes se concret\u00f3 el cierre del programa Creando Conciencia en las instalaciones del Howard Johnson con los pacientes que concurrieron durante todo el a\u00f1o a las diferentes propuestas junto al equipo interdisciplinario. Durante la jornada, y en el marco del D\u00eda Mundial de la Diabetes, se llevaron a cabo diferentes actividades alusivas a la [&hellip;]<\/p>\n","protected":false},"author":4,"featured_media":123971,"comment_status":"closed","ping_status":"closed","sticky":false,"template":"","format":"standard","meta":{"om_disable_all_campaigns":false,"_jetpack_memberships_contains_paid_content":false,"footnotes":""},"categories":[101,2],"tags":[197,4604,19],"class_list":["post-123968","post","type-post","status-publish","format-standard","has-post-thumbnail","hentry","category-interes-general-locales","category-locales","tag-buenos-aires","tag-cierre-del-programa-creando-conciencia","tag-san-pedro"],"aioseo_notices":[],"gutentor_comment":0,"jetpack_featured_media_url":"https:\/\/eldiariodesanpedro.com.ar\/sitio\/wp-content\/uploads\/2023\/11\/Imagen-de-WhatsApp-2023-11-15-a-las-10.57.00_bae0c67e.jpg","jetpack_shortlink":"https:\/\/wp.me\/p6RhLt-wfu","jetpack_sharing_enabled":true,"_links":{"self":[{"href":"https:\/\/eldiariodesanpedro.com.ar\/sitio\/wp-json\/wp\/v2\/posts\/123968","targetHints":{"allow":["GET"]}}],"collection":[{"href":"https:\/\/eldiariodesanpedro.com.ar\/sitio\/wp-json\/wp\/v2\/posts"}],"about":[{"href":"https:\/\/eldiariodesanpedro.com.ar\/sitio\/wp-json\/wp\/v2\/types\/post"}],"author":[{"embeddable":true,"href":"https:\/\/eldiariodesanpedro.com.ar\/sitio\/wp-json\/wp\/v2\/users\/4"}],"replies":[{"embeddable":true,"href":"https:\/\/eldiariodesanpedro.com.ar\/sitio\/wp-json\/wp\/v2\/comments?post=123968"}],"version-history":[{"count":1,"href":"https:\/\/eldiariodesanpedro.com.ar\/sitio\/wp-json\/wp\/v2\/posts\/123968\/revisions"}],"predecessor-version":[{"id":123974,"href":"https:\/\/eldiariodesanpedro.com.ar\/sitio\/wp-json\/wp\/v2\/posts\/123968\/revisions\/123974"}],"wp:featuredmedia":[{"embeddable":true,"href":"https:\/\/eldiariodesanpedro.com.ar\/sitio\/wp-json\/wp\/v2\/media\/123971"}],"wp:attachment":[{"href":"https:\/\/eldiariodesanpedro.com.ar\/sitio\/wp-json\/wp\/v2\/media?parent=123968"}],"wp:term":[{"taxonomy":"category","embeddable":true,"href":"https:\/\/eldiariodesanpedro.com.ar\/sitio\/wp-json\/wp\/v2\/categories?post=123968"},{"taxonomy":"post_tag","embeddable":true,"href":"https:\/\/eldiariodesanpedro.com.ar\/sitio\/wp-json\/wp\/v2\/tags?post=123968"}],"curies":[{"name":"wp","href":"https:\/\/api.w.org\/{rel}","templated":true}]}}