{"id":123950,"date":"2023-11-15T09:05:39","date_gmt":"2023-11-15T12:05:39","guid":{"rendered":"https:\/\/eldiariodesanpedro.com.ar\/sitio\/?p=123950"},"modified":"2023-11-15T09:05:41","modified_gmt":"2023-11-15T12:05:41","slug":"asamblea-de-asociados-ordinaria-de-cruz-roja-argentina-filial-san-pedro","status":"publish","type":"post","link":"https:\/\/eldiariodesanpedro.com.ar\/sitio\/asamblea-de-asociados-ordinaria-de-cruz-roja-argentina-filial-san-pedro\/","title":{"rendered":"Asamblea de Asociados Ordinaria de Cruz Roja Argentina filial San Pedro"},"content":{"rendered":"<!-- VideographyWP Plugin Message: Automatic video embedding prevented by plugin options. -->\n\n<p class=\"has-text-align-center\"><strong>CONVOCATORIA<\/strong><\/p>\n\n\n\n<p class=\"has-text-align-left\">Convocase a los Asociados de la filial San Pedro de Cruz Roja Argentina a Asamblea de Asociados Ordinaria a realizarse el d\u00eda 16 de Diciembre de 2023 a las 20:00 hs. en la calle Hip\u00f3lito Irigoyen 277, San Pedro, Para tratar el siguiente ORDEN DEL D\u00cdA:<br>1).&nbsp; Designaci\u00f3n de 2 (dos) asociados para firmar el acta.<br>2).&nbsp; Designaci\u00f3n de 1 (un) Secretario de actas ad-hoc.<br>3).&nbsp; Declaraci\u00f3n de regularizaci\u00f3n de la filial.<br>4).&nbsp; Presentaci\u00f3n del informe de gesti\u00f3n del Comit\u00e9 Interventor.<br>5). Proclamaci\u00f3n de lista de miembros de Comisi\u00f3n Directiva y \u00d3rgano local de Fiscalizaci\u00f3n, todos con mandato de cuatro a\u00f1os.<\/p>\n","protected":false},"excerpt":{"rendered":"<p>CONVOCATORIA Convocase a los Asociados de la filial San Pedro de Cruz Roja Argentina a Asamblea de Asociados Ordinaria a realizarse el d\u00eda 16 de Diciembre de 2023 a las 20:00 hs. en la calle Hip\u00f3lito Irigoyen 277, San Pedro, Para tratar el siguiente ORDEN DEL D\u00cdA:1).&nbsp; Designaci\u00f3n de 2 (dos) asociados para firmar el [&hellip;]<\/p>\n","protected":false},"author":4,"featured_media":123953,"comment_status":"closed","ping_status":"closed","sticky":false,"template":"","format":"standard","meta":{"om_disable_all_campaigns":false,"_jetpack_memberships_contains_paid_content":false,"footnotes":""},"categories":[678,676],"tags":[4601,197,19],"class_list":["post-123950","post","type-post","status-publish","format-standard","has-post-thumbnail","hentry","category-convocatorias","category-edictos","tag-asamblea-de-asociados-ordinaria-de-cruz-roja-argentina-filial-san-pedro","tag-buenos-aires","tag-san-pedro"],"aioseo_notices":[],"gutentor_comment":0,"jetpack_featured_media_url":"https:\/\/eldiariodesanpedro.com.ar\/sitio\/wp-content\/uploads\/2023\/11\/Cruz-Roja-Argentina-Filial-San-Pedro-2024.png","jetpack_shortlink":"https:\/\/wp.me\/p6RhLt-wfc","jetpack_sharing_enabled":true,"_links":{"self":[{"href":"https:\/\/eldiariodesanpedro.com.ar\/sitio\/wp-json\/wp\/v2\/posts\/123950","targetHints":{"allow":["GET"]}}],"collection":[{"href":"https:\/\/eldiariodesanpedro.com.ar\/sitio\/wp-json\/wp\/v2\/posts"}],"about":[{"href":"https:\/\/eldiariodesanpedro.com.ar\/sitio\/wp-json\/wp\/v2\/types\/post"}],"author":[{"embeddable":true,"href":"https:\/\/eldiariodesanpedro.com.ar\/sitio\/wp-json\/wp\/v2\/users\/4"}],"replies":[{"embeddable":true,"href":"https:\/\/eldiariodesanpedro.com.ar\/sitio\/wp-json\/wp\/v2\/comments?post=123950"}],"version-history":[{"count":2,"href":"https:\/\/eldiariodesanpedro.com.ar\/sitio\/wp-json\/wp\/v2\/posts\/123950\/revisions"}],"predecessor-version":[{"id":123954,"href":"https:\/\/eldiariodesanpedro.com.ar\/sitio\/wp-json\/wp\/v2\/posts\/123950\/revisions\/123954"}],"wp:featuredmedia":[{"embeddable":true,"href":"https:\/\/eldiariodesanpedro.com.ar\/sitio\/wp-json\/wp\/v2\/media\/123953"}],"wp:attachment":[{"href":"https:\/\/eldiariodesanpedro.com.ar\/sitio\/wp-json\/wp\/v2\/media?parent=123950"}],"wp:term":[{"taxonomy":"category","embeddable":true,"href":"https:\/\/eldiariodesanpedro.com.ar\/sitio\/wp-json\/wp\/v2\/categories?post=123950"},{"taxonomy":"post_tag","embeddable":true,"href":"https:\/\/eldiariodesanpedro.com.ar\/sitio\/wp-json\/wp\/v2\/tags?post=123950"}],"curies":[{"name":"wp","href":"https:\/\/api.w.org\/{rel}","templated":true}]}}