{"id":123946,"date":"2023-11-15T08:23:49","date_gmt":"2023-11-15T11:23:49","guid":{"rendered":"https:\/\/eldiariodesanpedro.com.ar\/sitio\/?p=123946"},"modified":"2023-11-15T08:23:53","modified_gmt":"2023-11-15T11:23:53","slug":"edicto-de-ragusa-alberto-eduardo-c-bigel-lisandro-juan-su-sucesion-y-otro-a-s-prescripcion-adquisitiva-larga","status":"publish","type":"post","link":"https:\/\/eldiariodesanpedro.com.ar\/sitio\/edicto-de-ragusa-alberto-eduardo-c-bigel-lisandro-juan-su-sucesion-y-otro-a-s-prescripcion-adquisitiva-larga\/","title":{"rendered":"Edicto de Ragusa Alberto Eduardo C\/ Bigel Lisandro Juan Su Sucesi\u00f3n Y Otro\/A S\/ Prescripci\u00f3n Adquisitiva Larga"},"content":{"rendered":"<!-- VideographyWP Plugin Message: Automatic video embedding prevented by plugin options. -->\n\n<p>El Juzgado de Primera Instancia en lo Civil y Comercial N\u00b0 6 del Departamento Judicial de San Nicol\u00e1s, sito en calle Guardias Nacionales 47 provincia de Buenos Aires cita y emplaza a todos los que se consideren con derecho sobre el inmueble ubicado en calle Roca N\u00b0 88 de la ciudad de Baradero, Nomenclatura Catastral: Circ. II, Secc. A, Qta 32, parcela 20a, matr\u00edcula 491 del partido de Baradero provincia de Buenos Aires, para que dentro del t\u00e9rmino de diez d\u00edas comparezcan a estar a derecho en los autos caratulados: \u201c<strong>Ragusa Alberto Eduardo C\/ Bigel Lisandro Juan Su Sucesi\u00f3n Y Otro\/A S\/ Prescripcion Adquisitiva Larga<\/strong>\u201d Expte. 14175.- San Nicol\u00e1s, 10 de noviembre de 2023.-<\/p>\n\n\n\n<p>HORMAZABAL JOSE ANTONIO<br>AUXILIAR LETRADO<\/p>\n\n\n\n<p>(Publicaci\u00f3n V\u00e1lida los d\u00edas 15 y 16 de noviembre de 2023)<br><a href=\"https:\/\/notificaciones.scba.gov.ar\/verificarnotificacion.aspx?codNotif=T9Y7UH\">https:\/\/notificaciones.scba.gov.ar\/verificarnotificacion.aspx?codNotif=T9Y7UH<\/a><\/p>\n","protected":false},"excerpt":{"rendered":"<p>El Juzgado de Primera Instancia en lo Civil y Comercial N\u00b0 6 del Departamento Judicial de San Nicol\u00e1s, sito en calle Guardias Nacionales 47 provincia de Buenos Aires cita y emplaza a todos los que se consideren con derecho sobre el inmueble ubicado en calle Roca N\u00b0 88 de la ciudad de Baradero, Nomenclatura Catastral: [&hellip;]<\/p>\n","protected":false},"author":4,"featured_media":102746,"comment_status":"closed","ping_status":"closed","sticky":false,"template":"","format":"standard","meta":{"om_disable_all_campaigns":false,"_jetpack_memberships_contains_paid_content":false,"footnotes":""},"categories":[676,1124],"tags":[4599],"class_list":["post-123946","post","type-post","status-publish","format-standard","has-post-thumbnail","hentry","category-edictos","category-edictos-especiales","tag-edicto-de-ragusa-alberto-eduardo-c-bigel-lisandro-juan-su-sucesion-y-otro-a-s-prescripcion-adquisitiva-larga"],"aioseo_notices":[],"gutentor_comment":0,"jetpack_featured_media_url":"https:\/\/eldiariodesanpedro.com.ar\/sitio\/wp-content\/uploads\/2022\/01\/EDICTO.jpg","jetpack_shortlink":"https:\/\/wp.me\/p6RhLt-wf8","jetpack_sharing_enabled":true,"_links":{"self":[{"href":"https:\/\/eldiariodesanpedro.com.ar\/sitio\/wp-json\/wp\/v2\/posts\/123946","targetHints":{"allow":["GET"]}}],"collection":[{"href":"https:\/\/eldiariodesanpedro.com.ar\/sitio\/wp-json\/wp\/v2\/posts"}],"about":[{"href":"https:\/\/eldiariodesanpedro.com.ar\/sitio\/wp-json\/wp\/v2\/types\/post"}],"author":[{"embeddable":true,"href":"https:\/\/eldiariodesanpedro.com.ar\/sitio\/wp-json\/wp\/v2\/users\/4"}],"replies":[{"embeddable":true,"href":"https:\/\/eldiariodesanpedro.com.ar\/sitio\/wp-json\/wp\/v2\/comments?post=123946"}],"version-history":[{"count":1,"href":"https:\/\/eldiariodesanpedro.com.ar\/sitio\/wp-json\/wp\/v2\/posts\/123946\/revisions"}],"predecessor-version":[{"id":123947,"href":"https:\/\/eldiariodesanpedro.com.ar\/sitio\/wp-json\/wp\/v2\/posts\/123946\/revisions\/123947"}],"wp:featuredmedia":[{"embeddable":true,"href":"https:\/\/eldiariodesanpedro.com.ar\/sitio\/wp-json\/wp\/v2\/media\/102746"}],"wp:attachment":[{"href":"https:\/\/eldiariodesanpedro.com.ar\/sitio\/wp-json\/wp\/v2\/media?parent=123946"}],"wp:term":[{"taxonomy":"category","embeddable":true,"href":"https:\/\/eldiariodesanpedro.com.ar\/sitio\/wp-json\/wp\/v2\/categories?post=123946"},{"taxonomy":"post_tag","embeddable":true,"href":"https:\/\/eldiariodesanpedro.com.ar\/sitio\/wp-json\/wp\/v2\/tags?post=123946"}],"curies":[{"name":"wp","href":"https:\/\/api.w.org\/{rel}","templated":true}]}}